{"id":35545,"date":"2019-05-20T14:18:04","date_gmt":"2019-05-20T18:18:04","guid":{"rendered":"https:\/\/linitiative.ca\/International\/la-cote-divoire-et-la-france-intensifie-leur-cooperation-contre-limmigration-irreguliere\/"},"modified":"2019-05-20T14:18:04","modified_gmt":"2019-05-20T18:18:04","slug":"la-cote-divoire-et-la-france-intensifie-leur-cooperation-contre-limmigration-irreguliere","status":"publish","type":"post","link":"https:\/\/linitiative.ca\/International\/la-cote-divoire-et-la-france-intensifie-leur-cooperation-contre-limmigration-irreguliere\/","title":{"rendered":"La C\u00f4te d\u2019Ivoire et la France intensifie leur coop\u00e9ration contre l\u2019immigration irr\u00e9guli\u00e8re"},"content":{"rendered":"<div readability=\"32\">\n<p>Publi\u00e9 le 20.05.2019 \u00e0 19h18 par APA News<\/p>\n<\/div>\n<div readability=\"97\">\n<p>La C\u00f4te d\u2019Ivoire et la France ont d\u00e9cid\u00e9 d\u2019intensifier leur coop\u00e9ration contre l\u2019immigration irr\u00e9guli\u00e8re, a annonc\u00e9 lundi \u00e0 Abidjan, Sidiki Diakit\u00e9, le ministre ivoirien de l\u2019int\u00e9rieur et de la s\u00e9curit\u00e9 au terme d\u2019un entretien avec son homologue fran\u00e7ais Christophe Castaner qui s\u00e9journe \u00e0 Abidjan depuis dimanche.\u00ab Sur les questions abord\u00e9es, je dirai que nous avons abord\u00e9 toutes les \u00a0questions de s\u00e9curit\u00e9 int\u00e9rieure, mais particuli\u00e8rement celles \u00a0consacr\u00e9es \u00e0 l\u2019immigration irr\u00e9guli\u00e8re. Sur la question, nous avons \u00a0d\u00e9cid\u00e9 d\u2019intensifier notre coop\u00e9ration\u00bb, a d\u00e9clar\u00e9 M. Diakit\u00e9 estimant \u00ab \u00a0qu\u2019un ivoirien en situation irr\u00e9guli\u00e8re n\u2019a pas sa place dans les pays \u00a0de l\u2019Union europ\u00e9enne\u00bb.\u00a0<\/p>\n<p>\u00ab Le gouvernement travaille \u00e0 cela et la France a \u00a0\u00e9galement promis de nous apporter son concours pour nous appuyer non \u00a0seulement dans le contr\u00f4le aux fronti\u00e8res, mais aussi nous aider \u00e0 \u00a0mettre en place des projets qui puissent permettre \u00e0 nos jeunes de \u00a0rester sur place en C\u00f4te d\u2019Ivoire \u00bb, a-t-il ajout\u00e9.\u00a0<\/p>\n<p>En ce qui concerne \u00a0les r\u00e9seaux de passeurs, a poursuivi, M. Diakit\u00e9, la C\u00f4te d\u2019Ivoire a \u00a0initi\u00e9 d\u2019importantes actions qui ont permis l\u2019arrestation de pr\u00e8s de 40 \u00a0passeurs et l\u2019interpellation de 200 autres passeurs. \u00ab Nous avons d\u00e9cid\u00e9 \u00a0de mettre l\u2019accent sur la lutte contre tous les moyens de financement \u00a0du terrorisme y compris les enl\u00e8vements qui se multiplient et dans ce \u00a0cadre des formations vont \u00eatre dispens\u00e9es \u00e0 la police ivoirienne \u00bb, a \u00a0\u00e9galement fait savoir M. Diakit\u00e9.\u00a0<\/p>\n<p>\u00a0Avant lui, Christophe Castaner, le \u00a0ministre fran\u00e7ais de l\u2019int\u00e9rieur a d\u00e9voil\u00e9 \u00e0 la presse, le contenu de \u00a0ces \u00e9changes avec son homologue ivoirien.\u00a0<\/p>\n<p>\u00ab Nous avons abord\u00e9 des \u00a0projets que portent la C\u00f4te d\u2019Ivoire. Nous avons abord\u00e9 les questions \u00a0migratoires, les sujets de lutte contre le terrorisme, d\u2019\u00e9changes de \u00a0renseignements et d\u2019\u00e9changes de partenariats forts\u00bb, a dit \u00e0 son tour, \u00a0M. Castaner annon\u00e7ant que \u00ab nous avons pris un engagement commun sur un \u00a0sujet qui pourrait se d\u00e9velopper et contre lequel nous voulons lutter \u00a0ensemble qui est celui des enl\u00e8vements \u00bb.\u00a0<\/p>\n<p>Selon lui, les risques \u00a0terroristes ne respectent aucune fronti\u00e8res et \u00ab \u00a0les risques que nous \u00a0connaissons au Mali, au Burkina Faso, peuvent \u00a0frapper la C\u00f4te d\u2019Ivoire \u00a0et nous souhaitons aider ce pays \u00e0 lutter \u00a0activement contre ce risque\u00bb. \u00a0<\/p>\n<p>Apr\u00e8s cet entretien avec son homologue ivoirien, le ministre de \u00a0l\u2019int\u00e9rieur fran\u00e7ais a mis le cap sur l\u2019\u00e9cole nationale de police sis \u00e0 \u00a0Cocody, un quartier hupp\u00e9 dans l\u2019Est d\u2019Abidjan o\u00f9 il a instruit des \u00a0\u00e9l\u00e8ves-commissaires sur le terrorisme avant d\u2019assister \u00e0 un exercice de \u00a0maintien de l\u2019ordre public. \u00a0<\/p>\n<p>Dimanche, en d\u00e9but de soir\u00e9e, M. Castaner a \u00a0\u00e9t\u00e9 re\u00e7u en audience par le pr\u00e9sident ivoirien Alassane Ouattara avec \u00a0qui il a \u00e9voqu\u00e9 les relations de coop\u00e9ration entre la France et la C\u00f4te \u00a0d\u2019Ivoire, notamment, la lutte contre le terrorisme, les diff\u00e9rentes \u00a0formes de criminalit\u00e9 et la migration irr\u00e9guli\u00e8re.<\/p>\n<\/div>\n<p>Auteur: APA News<br \/>\n<a href=\"https:\/\/www.journalducameroun.com\/fr\/la-cote-divoire-et-la-france-intensifie-leur-cooperation-contre-limmigration-irreguliere\/\">Cliquez ici pour lire l&rsquo;article depuis sa source.<\/a><\/p>\n","protected":false},"excerpt":{"rendered":"<p>Publi\u00e9 le 20.05.2019 \u00e0 19h18 par APA News La C\u00f4te d\u2019Ivoire et la France ont d\u00e9cid\u00e9 d\u2019intensifier leur coop\u00e9ration contre l\u2019immigration irr\u00e9guli\u00e8re, a annonc\u00e9 lundi \u00e0 Abidjan, Sidiki Diakit\u00e9, le ministre ivoirien de l\u2019int\u00e9rieur et de la s\u00e9curit\u00e9 au terme d\u2019un entretien avec son homologue fran\u00e7ais Christophe Castaner qui s\u00e9journe \u00e0 Abidjan depuis dimanche.\u00ab Sur [&hellip;]<\/p>\n","protected":false},"author":1965,"featured_media":0,"comment_status":"closed","ping_status":"closed","sticky":false,"template":"","format":"standard","meta":{"fifu_image_url":"","fifu_image_alt":"","footnotes":""},"categories":[73,82],"tags":[],"class_list":["post-35545","post","type-post","status-publish","format-standard","hentry","category-actualite","category-cameroun"],"_links":{"self":[{"href":"https:\/\/linitiative.ca\/International\/wp-json\/wp\/v2\/posts\/35545","targetHints":{"allow":["GET"]}}],"collection":[{"href":"https:\/\/linitiative.ca\/International\/wp-json\/wp\/v2\/posts"}],"about":[{"href":"https:\/\/linitiative.ca\/International\/wp-json\/wp\/v2\/types\/post"}],"author":[{"embeddable":true,"href":"https:\/\/linitiative.ca\/International\/wp-json\/wp\/v2\/users\/1965"}],"replies":[{"embeddable":true,"href":"https:\/\/linitiative.ca\/International\/wp-json\/wp\/v2\/comments?post=35545"}],"version-history":[{"count":0,"href":"https:\/\/linitiative.ca\/International\/wp-json\/wp\/v2\/posts\/35545\/revisions"}],"wp:attachment":[{"href":"https:\/\/linitiative.ca\/International\/wp-json\/wp\/v2\/media?parent=35545"}],"wp:term":[{"taxonomy":"category","embeddable":true,"href":"https:\/\/linitiative.ca\/International\/wp-json\/wp\/v2\/categories?post=35545"},{"taxonomy":"post_tag","embeddable":true,"href":"https:\/\/linitiative.ca\/International\/wp-json\/wp\/v2\/tags?post=35545"}],"curies":[{"name":"wp","href":"https:\/\/api.w.org\/{rel}","templated":true}]}}