{"id":35546,"date":"2019-05-20T14:18:07","date_gmt":"2019-05-20T18:18:07","guid":{"rendered":"https:\/\/linitiative.ca\/International\/mariatou-kone-obtient-la-participation-de-mahamadou-issouffou-a-la-table-ronde-du-projet-swedd-prevue-en-juillet\/"},"modified":"2019-05-20T14:18:07","modified_gmt":"2019-05-20T18:18:07","slug":"mariatou-kone-obtient-la-participation-de-mahamadou-issouffou-a-la-table-ronde-du-projet-swedd-prevue-en-juillet","status":"publish","type":"post","link":"https:\/\/linitiative.ca\/International\/mariatou-kone-obtient-la-participation-de-mahamadou-issouffou-a-la-table-ronde-du-projet-swedd-prevue-en-juillet\/","title":{"rendered":"Mariatou Kon\u00e9 obtient la participation de Mahamadou Issouffou \u00e0 la table ronde du Projet Swedd pr\u00e9vue en juillet"},"content":{"rendered":"<div readability=\"32\">\n<p>Publi\u00e9 le 20.05.2019 \u00e0 19h18 par APA News<\/p>\n<\/div>\n<div readability=\"60\">\n<p>La ministre ivoirienne de la Solidarit\u00e9, de la coh\u00e9sion sociale et de la lutte contre la puret\u00e9, Mariatou Kon\u00e9, a \u00e9chang\u00e9 lundi \u00e0 Niamey avec le pr\u00e9sident nig\u00e9rien Mahamadou Issoffou, qui a accept\u00e9 de participer \u00e0 la table ronde du Projet Swedd pr\u00e9vue en juillet dans son pays.Mme Mariatou Kon\u00e9 a \u00e9t\u00e9 re\u00e7ue par le chef de l\u2019Etat du Niger en qualit\u00e9 de pr\u00e9sidente du Comit\u00e9 r\u00e9gional de pilotage du Projet Swedd (Autonomisation des femmes et dividende d\u00e9mographique dans le Sahel).<\/p>\n<p>Elle a \u00ab obtenu du pr\u00e9sident Nig\u00e9rien, sa pr\u00e9sence effective \u00e0 la table ronde qui s\u2019ouvre en juillet prochain \u00e0 Niamey autour de la th\u00e9matique de la Mobilisation des ressources dans la mise en \u0153uvre du Projet Swedd \u00bb, a-t-on appris aupr\u00e8s d\u2019un membre de la mission.\u00a0<\/p>\n<p>Le professeur Mariatou Kon\u00e9 \u00e9tait accompagn\u00e9e des repr\u00e9sentants de la Banque mondiale et du Fonds des Nations-Unies pour la population (UNFPA), ainsi que des partenaires financiers et techniques du projet et de la ministre nig\u00e9rienne en charge de la Population.\u00a0<\/p>\n<p>Le Sweed est un projet r\u00e9gional qui vise \u00e0 acc\u00e9l\u00e9rer la transition d\u00e9mographique en vue de r\u00e9duire les in\u00e9galit\u00e9s de genre. Il met l\u2019accent sur six pays, le Burkina Faso, le Mali, la Mauritanie, le Niger, le Tchad et la C\u00f4te d\u2019Ivoire dont la forte migration et le Nord montre des similitudes aux contr\u00e9es du Sahel. \u00a0<\/p>\n<\/div>\n<p>Auteur: APA News<br \/>\n<a href=\"https:\/\/www.journalducameroun.com\/fr\/mariatou-kone-obtient-la-participation-de-mahamadou-issouffou-a-la-table-ronde-du-projet-swedd-prevue-en-juillet\/\">Cliquez ici pour lire l&rsquo;article depuis sa source.<\/a><\/p>\n","protected":false},"excerpt":{"rendered":"<p>Publi\u00e9 le 20.05.2019 \u00e0 19h18 par APA News La ministre ivoirienne de la Solidarit\u00e9, de la coh\u00e9sion sociale et de la lutte contre la puret\u00e9, Mariatou Kon\u00e9, a \u00e9chang\u00e9 lundi \u00e0 Niamey avec le pr\u00e9sident nig\u00e9rien Mahamadou Issoffou, qui a accept\u00e9 de participer \u00e0 la table ronde du Projet Swedd pr\u00e9vue en juillet dans son [&hellip;]<\/p>\n","protected":false},"author":1965,"featured_media":0,"comment_status":"closed","ping_status":"closed","sticky":false,"template":"","format":"standard","meta":{"fifu_image_url":"","fifu_image_alt":"","footnotes":""},"categories":[73,82],"tags":[],"class_list":["post-35546","post","type-post","status-publish","format-standard","hentry","category-actualite","category-cameroun"],"_links":{"self":[{"href":"https:\/\/linitiative.ca\/International\/wp-json\/wp\/v2\/posts\/35546","targetHints":{"allow":["GET"]}}],"collection":[{"href":"https:\/\/linitiative.ca\/International\/wp-json\/wp\/v2\/posts"}],"about":[{"href":"https:\/\/linitiative.ca\/International\/wp-json\/wp\/v2\/types\/post"}],"author":[{"embeddable":true,"href":"https:\/\/linitiative.ca\/International\/wp-json\/wp\/v2\/users\/1965"}],"replies":[{"embeddable":true,"href":"https:\/\/linitiative.ca\/International\/wp-json\/wp\/v2\/comments?post=35546"}],"version-history":[{"count":0,"href":"https:\/\/linitiative.ca\/International\/wp-json\/wp\/v2\/posts\/35546\/revisions"}],"wp:attachment":[{"href":"https:\/\/linitiative.ca\/International\/wp-json\/wp\/v2\/media?parent=35546"}],"wp:term":[{"taxonomy":"category","embeddable":true,"href":"https:\/\/linitiative.ca\/International\/wp-json\/wp\/v2\/categories?post=35546"},{"taxonomy":"post_tag","embeddable":true,"href":"https:\/\/linitiative.ca\/International\/wp-json\/wp\/v2\/tags?post=35546"}],"curies":[{"name":"wp","href":"https:\/\/api.w.org\/{rel}","templated":true}]}}