{"id":35547,"date":"2019-05-20T14:18:09","date_gmt":"2019-05-20T18:18:09","guid":{"rendered":"https:\/\/linitiative.ca\/International\/des-experts-dressent-le-bilan-des-operations-de-maintien-de-la-paix-sur-le-continent-a-grand-bassam\/"},"modified":"2019-05-20T14:18:09","modified_gmt":"2019-05-20T18:18:09","slug":"des-experts-dressent-le-bilan-des-operations-de-maintien-de-la-paix-sur-le-continent-a-grand-bassam","status":"publish","type":"post","link":"https:\/\/linitiative.ca\/International\/des-experts-dressent-le-bilan-des-operations-de-maintien-de-la-paix-sur-le-continent-a-grand-bassam\/","title":{"rendered":"Des experts  dressent le bilan des op\u00e9rations de maintien de la paix sur le continent \u00e0 Grand-Bassam"},"content":{"rendered":"<div readability=\"32\">\n<p>Publi\u00e9 le 20.05.2019 \u00e0 19h18 par APA News<\/p>\n<\/div>\n<div readability=\"73\">\n<p>La 4\u00e8 Session internationale de r\u00e9flexion strat\u00e9gique (SIRS) de l\u2019Institut d\u2019Etudes Strat\u00e9giques et de D\u00e9fenses (IESD), s\u2019est ouverte, lundi dans la cit\u00e9 baln\u00e9aire de Grand-Bassam avec pour principal sujet le bilan des op\u00e9rations de maintien de la paix en Afrique, a constat\u00e9 APA sur place.Selon le Directeur g\u00e9n\u00e9ral des affaires administratives et financi\u00e8res du minist\u00e8re d\u2019Etat, minist\u00e8re de la d\u00e9fense, \u00a0le g\u00e9n\u00e9ral Mamby Kon\u00e9, repr\u00e9sentant le ministre d\u2019Etat Hamed Bakayoko, \u00a0le th\u00e8me \u00ab les op\u00e9rations de maintien de la paix en Afrique : force africaine en attente, arm\u00e9es africaines. Etat des lieux et perspectives \u00bb permet de passer \u00ab \u00a0en revue \u00a0les diff\u00e9rentes actions men\u00e9es aussi bien au niveau des \u00a0Nations unies \u00a0que pour les organisations africaines \u00a0pour \u00a0pr\u00e9venir \u00a0les conflits et maintenir la paix et la s\u00e9curit\u00e9 \u00bb.<\/p>\n<p>\u00ab Il est un cadre \u00a0de partages d\u2019exp\u00e9riences \u00a0entre les diff\u00e9rents acteurs impliqu\u00e9s dans le op\u00e9rations de maintien de la paix, un \u00a0lieu pour les diff\u00e9rents acteurs \u00a0de \u00a0confronter leurs points de vue, de cr\u00e9er une synergie d\u2019actions dans les nouvelles op\u00e9rations en mati\u00e8re de maintien de la \u00a0paix \u00bb, a ajout\u00e9 Mamby Kon\u00e9.<\/p>\n<p>L\u2019\u00e9missaire du ministre d\u2019Etat a invit\u00e9 les auditeurs de cette session \u00e0 faire \u00ab des propositions concr\u00e8tes en vue de faire de l\u2019africanisation des op\u00e9rations une r\u00e9alit\u00e9 \u00bb.<\/p>\n<p>Par ailleurs, le Directeur en charge des affaires financi\u00e8res du minist\u00e8re de la d\u00e9fense a annonc\u00e9 le d\u00e9ploiement \u00ab imminent \u00a0(\u2026) d\u2019un bataillon de 650 Hommes sur le th\u00e9\u00e2tre des op\u00e9rations au Mali \u00bb, rappelant les performances de l\u2019ex Op\u00e9ration des Nations Unies en C\u00f4te d\u2019Ivoire (ONUCI) qui a permis \u00a0\u00e0 son pays \u00ab d\u2019emprunter le chemin de la paix durable \u00bb.<\/p>\n<p>Le Repr\u00e9sentant -R\u00e9sident du PNUD en C\u00f4te d\u2019Ivoire, partenaire de \u00a0l\u2019Institut a, quant \u00e0 lui, fait remarquer que le SIRS 2019 est une \u00ab \u00a0excellente opportunit\u00e9 pour d\u00e9battre de l\u2019efficacit\u00e9 de la contribution \u00a0des forces africaines \u00a0dans les op\u00e9rations de maintien de la paix \u00a0et pour orienter les politiques \u00bb.<\/p>\n<p>Ce sont 76 auditeurs dont 30 nationaux 46 internationaux originaires de 20 pays d\u2019Afrique et de 6 communaut\u00e9s r\u00e9gionales qui prendront part \u00e0 cette 4\u00e8 r\u00e9union \u00a0de la session internationale qui s\u2019ach\u00e8vera vendredi prochain.<\/p>\n<\/div>\n<p>Auteur: APA News<br \/>\n<a href=\"https:\/\/www.journalducameroun.com\/fr\/des-experts-dressent-le-bilan-des-operations-de-maintien-de-la-paix-sur-le-continent-a-grand-bassam\/\">Cliquez ici pour lire l&rsquo;article depuis sa source.<\/a><\/p>\n","protected":false},"excerpt":{"rendered":"<p>Publi\u00e9 le 20.05.2019 \u00e0 19h18 par APA News La 4\u00e8 Session internationale de r\u00e9flexion strat\u00e9gique (SIRS) de l\u2019Institut d\u2019Etudes Strat\u00e9giques et de D\u00e9fenses (IESD), s\u2019est ouverte, lundi dans la cit\u00e9 baln\u00e9aire de Grand-Bassam avec pour principal sujet le bilan des op\u00e9rations de maintien de la paix en Afrique, a constat\u00e9 APA sur place.Selon le Directeur [&hellip;]<\/p>\n","protected":false},"author":1965,"featured_media":0,"comment_status":"closed","ping_status":"closed","sticky":false,"template":"","format":"standard","meta":{"fifu_image_url":"","fifu_image_alt":"","footnotes":""},"categories":[73,82],"tags":[],"class_list":["post-35547","post","type-post","status-publish","format-standard","hentry","category-actualite","category-cameroun"],"_links":{"self":[{"href":"https:\/\/linitiative.ca\/International\/wp-json\/wp\/v2\/posts\/35547","targetHints":{"allow":["GET"]}}],"collection":[{"href":"https:\/\/linitiative.ca\/International\/wp-json\/wp\/v2\/posts"}],"about":[{"href":"https:\/\/linitiative.ca\/International\/wp-json\/wp\/v2\/types\/post"}],"author":[{"embeddable":true,"href":"https:\/\/linitiative.ca\/International\/wp-json\/wp\/v2\/users\/1965"}],"replies":[{"embeddable":true,"href":"https:\/\/linitiative.ca\/International\/wp-json\/wp\/v2\/comments?post=35547"}],"version-history":[{"count":0,"href":"https:\/\/linitiative.ca\/International\/wp-json\/wp\/v2\/posts\/35547\/revisions"}],"wp:attachment":[{"href":"https:\/\/linitiative.ca\/International\/wp-json\/wp\/v2\/media?parent=35547"}],"wp:term":[{"taxonomy":"category","embeddable":true,"href":"https:\/\/linitiative.ca\/International\/wp-json\/wp\/v2\/categories?post=35547"},{"taxonomy":"post_tag","embeddable":true,"href":"https:\/\/linitiative.ca\/International\/wp-json\/wp\/v2\/tags?post=35547"}],"curies":[{"name":"wp","href":"https:\/\/api.w.org\/{rel}","templated":true}]}}