{"id":35548,"date":"2019-05-20T14:18:11","date_gmt":"2019-05-20T18:18:11","guid":{"rendered":"https:\/\/linitiative.ca\/International\/thabo-mbeki-conduit-la-mission-dobservation-electorale-du-commonwealth-au-malawi\/"},"modified":"2019-05-20T14:18:11","modified_gmt":"2019-05-20T18:18:11","slug":"thabo-mbeki-conduit-la-mission-dobservation-electorale-du-commonwealth-au-malawi","status":"publish","type":"post","link":"https:\/\/linitiative.ca\/International\/thabo-mbeki-conduit-la-mission-dobservation-electorale-du-commonwealth-au-malawi\/","title":{"rendered":"Thabo Mbeki conduit la mission d\u2019observation \u00e9lectorale du Commonwealth au Malawi"},"content":{"rendered":"<div readability=\"32\">\n<p>Publi\u00e9 le 20.05.2019 \u00e0 19h18 par APA News<\/p>\n<\/div>\n<div readability=\"75\">\n<p>L\u2019ancien pr\u00e9sident sud-africain, Thabo Mbeki, a \u00e9t\u00e9 d\u00e9sign\u00e9 pour diriger la mission d\u2019observation \u00e9lectorale du Commonwealth dans le cadre des \u00e9lections g\u00e9n\u00e9rales au Malawi du 21 mai 2019, a appris APA.S\u2019exprimant \u00e0 son arriv\u00e9e \u00e0 Blantyre dimanche, M. Mbeki a d\u00e9clar\u00e9 que le mandat de sa d\u00e9l\u00e9gation est d\u2019observer, sans prendre parti, le d\u00e9roulement du scrutin dans l\u2019ancienne colonie britannique devenue ind\u00e9pendante en 1964.<\/p>\n<p>\u00a0Les Malawiens sont appel\u00e9s \u00e0 se choisir, mardi, leur pour les cinq prochaines ann\u00e9es, apr\u00e8s la fin du premier mandat du pr\u00e9sident sortant Peter Mutharika du Parti progressiste d\u00e9mocratique (DPP), au pouvoir.<\/p>\n<p>\u00a0Mutharika fera face \u00e0 la concurrence farouche du principal candidat de l\u2019opposition, Lazarus Chakwera, un ancien pasteur, dont le Parti du Congr\u00e8s du Malawi constitue la deuxi\u00e8me force politique au parlement derri\u00e8re celle de la mouvance pr\u00e9sidentielle.<\/p>\n<p>\u00a0Un nouveau parti, le United Transformation Movement, dirig\u00e9 par le vice-pr\u00e9sident de Mutharika, Saulos Chilima, est \u00e9galement tr\u00e8s populaire aupr\u00e8s des jeunes et pourrait ravir des voix au DPP, selon un observateur \u00e0 Lilongwe, la capitale du Malawi.<\/p>\n<p>\u00a0Outre les partis susmentionn\u00e9s, il y a deux autres candidats \u00e0 l\u2019\u00e9lection pr\u00e9sidentielle et un seul candidat ind\u00e9pendant, ce qui porte \u00e0 sept le nombre total de candidats \u00e0 la pr\u00e9sidentielle.<\/p>\n<p>\u00a0M. Mbeki et ses observateurs du Commonwealth superviseront \u00e9galement les \u00e9lections des membres du parlement et des conseillers municipaux des collectivit\u00e9s locales.<\/p>\n<\/div>\n<p>Auteur: APA News<br \/>\n<a href=\"https:\/\/www.journalducameroun.com\/fr\/thabo-mbeki-conduit-la-mission-dobservation-electorale-du-commonwealth-au-malawi\/\">Cliquez ici pour lire l&rsquo;article depuis sa source.<\/a><\/p>\n","protected":false},"excerpt":{"rendered":"<p>Publi\u00e9 le 20.05.2019 \u00e0 19h18 par APA News L\u2019ancien pr\u00e9sident sud-africain, Thabo Mbeki, a \u00e9t\u00e9 d\u00e9sign\u00e9 pour diriger la mission d\u2019observation \u00e9lectorale du Commonwealth dans le cadre des \u00e9lections g\u00e9n\u00e9rales au Malawi du 21 mai 2019, a appris APA.S\u2019exprimant \u00e0 son arriv\u00e9e \u00e0 Blantyre dimanche, M. Mbeki a d\u00e9clar\u00e9 que le mandat de sa d\u00e9l\u00e9gation [&hellip;]<\/p>\n","protected":false},"author":1965,"featured_media":0,"comment_status":"closed","ping_status":"closed","sticky":false,"template":"","format":"standard","meta":{"fifu_image_url":"","fifu_image_alt":"","footnotes":""},"categories":[73,82],"tags":[],"class_list":["post-35548","post","type-post","status-publish","format-standard","hentry","category-actualite","category-cameroun"],"_links":{"self":[{"href":"https:\/\/linitiative.ca\/International\/wp-json\/wp\/v2\/posts\/35548","targetHints":{"allow":["GET"]}}],"collection":[{"href":"https:\/\/linitiative.ca\/International\/wp-json\/wp\/v2\/posts"}],"about":[{"href":"https:\/\/linitiative.ca\/International\/wp-json\/wp\/v2\/types\/post"}],"author":[{"embeddable":true,"href":"https:\/\/linitiative.ca\/International\/wp-json\/wp\/v2\/users\/1965"}],"replies":[{"embeddable":true,"href":"https:\/\/linitiative.ca\/International\/wp-json\/wp\/v2\/comments?post=35548"}],"version-history":[{"count":0,"href":"https:\/\/linitiative.ca\/International\/wp-json\/wp\/v2\/posts\/35548\/revisions"}],"wp:attachment":[{"href":"https:\/\/linitiative.ca\/International\/wp-json\/wp\/v2\/media?parent=35548"}],"wp:term":[{"taxonomy":"category","embeddable":true,"href":"https:\/\/linitiative.ca\/International\/wp-json\/wp\/v2\/categories?post=35548"},{"taxonomy":"post_tag","embeddable":true,"href":"https:\/\/linitiative.ca\/International\/wp-json\/wp\/v2\/tags?post=35548"}],"curies":[{"name":"wp","href":"https:\/\/api.w.org\/{rel}","templated":true}]}}