{"id":35549,"date":"2019-05-20T14:50:01","date_gmt":"2019-05-20T18:50:01","guid":{"rendered":"https:\/\/linitiative.ca\/International\/liban-des-militaires-retraites-tentent-de-prendre-dassaut-le-siege-du-gouvernement\/"},"modified":"2019-05-20T14:50:01","modified_gmt":"2019-05-20T18:50:01","slug":"liban-des-militaires-retraites-tentent-de-prendre-dassaut-le-siege-du-gouvernement","status":"publish","type":"post","link":"https:\/\/linitiative.ca\/International\/liban-des-militaires-retraites-tentent-de-prendre-dassaut-le-siege-du-gouvernement\/","title":{"rendered":"Liban: des militaires retrait\u00e9s tentent de prendre d\u2019assaut le si\u00e8ge du gouvernement"},"content":{"rendered":"<div readability=\"32\">\n<p>Publi\u00e9 le 20.05.2019 \u00e0 19h50 par AFP<\/p>\n<\/div>\n<div readability=\"122\">\n<p>Des centaines de militaires \u00e0 la retraite ont manifest\u00e9 lundi au centre de Beyrouth et tent\u00e9 de prendre d\u2019assaut le si\u00e8ge du gouvernement pour s\u2019opposer \u00e0 une \u00e9ventuelle baisse de leur pension dans le budget 2019 \u00e9labor\u00e9 par l\u2019ex\u00e9cutif.<\/p>\n<p>Le nouveau gouvernement n\u2019ayant \u00e9t\u00e9 form\u00e9 que fin janvier apr\u00e8s huit mois de tractations, le budget pour l\u2019ann\u00e9e en cours est discut\u00e9 avec retard depuis fin avril.<\/p>\n<p>Il sera le \u00ab\u00a0plus aust\u00e8re\u00a0\u00bb de l\u2019histoire contemporaine du pays, a d\u2019ores et d\u00e9j\u00e0 mis en garde le Premier ministre Saad Hariri.<\/p>\n<p>Les r\u00e9formes annonc\u00e9es ou ayant fuit\u00e9 dans les m\u00e9dias locaux ont suscit\u00e9 une lev\u00e9e de boucliers notamment parmi les fonctionnaires, dont les salaires et les retraites risquent d\u2019\u00eatre revus \u00e0 la baisse.<\/p>\n<p>Le projet pr\u00e9voit ainsi une diminution de 3% des pensions pour les personnes ayant travaill\u00e9 dans les institutions s\u00e9curitaires et une r\u00e9vision des modalit\u00e9s de calcul de leur retraite.<\/p>\n<p>Lundi, certains manifestants ont franchi de force les barbel\u00e9s les s\u00e9parant du Grand S\u00e9rail, b\u00e2timent o\u00f9 le Conseil des ministres tenait une 17e r\u00e9union sur le projet de budget.<\/p>\n<p>Les forces de s\u00e9curit\u00e9 ont alors eu recours \u00e0 des canons \u00e0 eau pour les disperser, faisant un bless\u00e9, selon l\u2019agence de presse nationale libanaise ANI.<\/p>\n<p>D\u2019apr\u00e8s la m\u00eame source, un des militaires retrait\u00e9s a tent\u00e9 de s\u2019immoler par le feu avant d\u2019en \u00eatre emp\u00each\u00e9 par d\u2019autres manifestants.<\/p>\n<p>\u00ab\u00a0Les droits des militaires sont acquis et il n\u2019est pas acceptable d\u2019y toucher\u00a0\u00bb, a lanc\u00e9 l\u2019un d\u2019eux sur une t\u00e9l\u00e9vision locale.<\/p>\n<p>\u00ab\u00a0Ils menacent notre gagne-pain apr\u00e8s qu\u2019on a servi notre nation des ann\u00e9es durant\u00a0\u00bb, a-t-il ajout\u00e9.<\/p>\n<p>Un g\u00e9n\u00e9ral \u00e0 la retraite a dit regretter la confrontation entre les retrait\u00e9s et les forces de s\u00e9curit\u00e9. \u00ab\u00a0C\u2019est la premi\u00e8re fois que des militaires font face \u00e0 des militaires\u00a0\u00bb, a-t-il d\u00e9plor\u00e9.<\/p>\n<p>En d\u00e9but d\u2019apr\u00e8s-midi, une d\u00e9l\u00e9gation de manifestants a rencontr\u00e9 le ministre de la D\u00e9fense, Elias Bou Saab, qui a promis des \u00ab\u00a0garanties\u00a0\u00bb, selon un porte-parole du mouvement.<\/p>\n<p>Le ministre a d\u00e9clar\u00e9 plus tard que certaines craintes qui lui avaient \u00e9t\u00e9 transmises reposaient sur des rumeurs.<\/p>\n<p>\u00ab\u00a0Certaines de ces questions ne sont de toute fa\u00e7on pas discut\u00e9es\u00a0\u00bb, a-t-il affirm\u00e9.<\/p>\n<p>Le Liban s\u2019\u00e9tait engag\u00e9 \u00e0 adopter des r\u00e9formes structurelles et \u00e0 r\u00e9duire son d\u00e9ficit budg\u00e9taire lors d\u2019une conf\u00e9rence internationale parrain\u00e9e en avril 2018 par Paris (CEDRE), en contrepartie de promesses de pr\u00eats et de dons \u00e0 hauteur de 11,6 milliards de dollars (10,4 milliards d\u2019euros).<\/p>\n<p>Pour 2018, le d\u00e9ficit budg\u00e9taire est estim\u00e9 \u00e0 11,5% du Produit int\u00e9rieur brut (PIB), selon la Banque mondiale, alors qu\u2019il aurait d\u00fb \u00eatre de 9%. La dette du pays culmine \u00e0 plus de 85 milliards de dollars, soit 152% du PIB.<\/p>\n<p>Le Liban doit donc faire un effort important de r\u00e9duction de son d\u00e9ficit en 2019 puisqu\u2019il s\u2019est engag\u00e9 \u00e0 diminuer de cinq points le ratio d\u00e9ficit public\/PIB de cinq points sur cinq ans (2018-2023).<\/p>\n<p>Pour y parvenir, le budget pour l\u2019ann\u00e9e en cours inclue une hausse de la taxe sur l\u2019\u00e9pargne bancaire de 7 \u00e0 10%, une r\u00e9duction des salaires des fonctionnaires et le gel des recrutements dans le secteur public.<\/p>\n<p>La croissance \u00e9conomique au Liban s\u2019est tass\u00e9e \u00e0 0,2% en 2018, selon le Fonds mon\u00e9taire international (FMI).<\/p>\n<\/div>\n<p>Auteur: AFP<br \/>\n<a href=\"https:\/\/www.journalducameroun.com\/fr\/liban-des-militaires-retraites-tentent-de-prendre-dassaut-le-siege-du-gouvernement\/\">Cliquez ici pour lire l&rsquo;article depuis sa source.<\/a><\/p>\n","protected":false},"excerpt":{"rendered":"<p>Publi\u00e9 le 20.05.2019 \u00e0 19h50 par AFP Des centaines de militaires \u00e0 la retraite ont manifest\u00e9 lundi au centre de Beyrouth et tent\u00e9 de prendre d\u2019assaut le si\u00e8ge du gouvernement pour s\u2019opposer \u00e0 une \u00e9ventuelle baisse de leur pension dans le budget 2019 \u00e9labor\u00e9 par l\u2019ex\u00e9cutif. Le nouveau gouvernement n\u2019ayant \u00e9t\u00e9 form\u00e9 que fin janvier [&hellip;]<\/p>\n","protected":false},"author":1965,"featured_media":0,"comment_status":"closed","ping_status":"closed","sticky":false,"template":"","format":"standard","meta":{"fifu_image_url":"","fifu_image_alt":"","footnotes":""},"categories":[73,82],"tags":[],"class_list":["post-35549","post","type-post","status-publish","format-standard","hentry","category-actualite","category-cameroun"],"_links":{"self":[{"href":"https:\/\/linitiative.ca\/International\/wp-json\/wp\/v2\/posts\/35549","targetHints":{"allow":["GET"]}}],"collection":[{"href":"https:\/\/linitiative.ca\/International\/wp-json\/wp\/v2\/posts"}],"about":[{"href":"https:\/\/linitiative.ca\/International\/wp-json\/wp\/v2\/types\/post"}],"author":[{"embeddable":true,"href":"https:\/\/linitiative.ca\/International\/wp-json\/wp\/v2\/users\/1965"}],"replies":[{"embeddable":true,"href":"https:\/\/linitiative.ca\/International\/wp-json\/wp\/v2\/comments?post=35549"}],"version-history":[{"count":0,"href":"https:\/\/linitiative.ca\/International\/wp-json\/wp\/v2\/posts\/35549\/revisions"}],"wp:attachment":[{"href":"https:\/\/linitiative.ca\/International\/wp-json\/wp\/v2\/media?parent=35549"}],"wp:term":[{"taxonomy":"category","embeddable":true,"href":"https:\/\/linitiative.ca\/International\/wp-json\/wp\/v2\/categories?post=35549"},{"taxonomy":"post_tag","embeddable":true,"href":"https:\/\/linitiative.ca\/International\/wp-json\/wp\/v2\/tags?post=35549"}],"curies":[{"name":"wp","href":"https:\/\/api.w.org\/{rel}","templated":true}]}}