{"id":35550,"date":"2019-05-20T16:18:03","date_gmt":"2019-05-20T20:18:03","guid":{"rendered":"https:\/\/linitiative.ca\/International\/la-france-mobilise-300-millions-deuros-pour-divers-projets-en-rdc\/"},"modified":"2019-05-20T16:18:03","modified_gmt":"2019-05-20T20:18:03","slug":"la-france-mobilise-300-millions-deuros-pour-divers-projets-en-rdc","status":"publish","type":"post","link":"https:\/\/linitiative.ca\/International\/la-france-mobilise-300-millions-deuros-pour-divers-projets-en-rdc\/","title":{"rendered":"La France mobilise 300 millions d\u2019euros pour divers projets en RDC"},"content":{"rendered":"<div readability=\"32\">\n<p>Publi\u00e9 le 20.05.2019 \u00e0 21h18 par APA News<\/p>\n<\/div>\n<div readability=\"66\">\n<p>La France va financer la feuille de route du nouveau partenariat avec la RD Congo \u00e0 hauteur de 300 millions d\u2019euros qui seront affect\u00e9s en priorit\u00e9 aux secteurs de l\u2019\u00e9ducation, de la sant\u00e9 et de la s\u00e9curit\u00e9, a annonc\u00e9 lundi le ministre fran\u00e7ais de l\u2019Europe et des Affaires \u00e9trang\u00e8res, Jean Yves Le Drian, \u00e0 l\u2019issue de ses entretiens avec le pr\u00e9sident F\u00e9lix Tshisekedi.Dans le communiqu\u00e9 conjoint sign\u00e9 \u00e0 l\u2019occasion de la premi\u00e8re visite d\u2019un ministre fran\u00e7ais des Affaires \u00e9trang\u00e8res en RD Congo depuis sept ans, il est relev\u00e9 qu\u2019en mati\u00e8re de l\u2019\u00e9ducation, la coop\u00e9ration fran\u00e7aise a notamment d\u00e9j\u00e0 permis la construction de 700 salles de classe et le financement des salaires de 30.000 enseignants congolais depuis 2013.<\/p>\n<p>La France et la RD Congo \u00a0ont d\u00e9cid\u00e9 de donner une nouvelle dimension \u00e0 cette coop\u00e9ration, notamment pour former les \u00e9lites de demain dont la RDC a besoin, indique le communiqu\u00e9, qui pr\u00e9cise que cela passera par un appui renforc\u00e9 aux grandes \u00e9coles de formation de l\u2019Administration congolaise, dont l\u2019Ecole Nationale d\u2019Administration (ENA), l\u2019Institut national de formation judiciaire (INAFORJ) et l\u2019Acad\u00e9mie Diplomatique.<\/p>\n<p>Dans le secteur de la sant\u00e9, le communiqu\u00e9 mentionne l\u2019appui \u00a0renforc\u00e9 aux h\u00f4pitaux de r\u00e9f\u00e9rence, en particulier dans le domaine de la sant\u00e9 maternelle et infantile. L\u2019\u00e9pid\u00e9mie Ebola qui touche particuli\u00e8rement Beni, Butembo et une partie de l\u2019Ituri \u00e0 l\u2019Est de la RD Congo depuis presque dix mois est une priorit\u00e9 majeure dans le cadre de ce nouveau partenariat entre la RD Congo et la France.<\/p>\n<p>La stabilisation de la RD Congo, notamment sa partie est, passe par une ambitieuse r\u00e9forme du secteur de la s\u00e9curit\u00e9 et un renforcement des capacit\u00e9s des forces arm\u00e9es de la RDC (FARDC), conclut le communiqu\u00e9.<\/p>\n<\/div>\n<p>Auteur: APA News<br \/>\n<a href=\"https:\/\/www.journalducameroun.com\/fr\/la-france-mobilise-300-millions-deuros-pour-divers-projets-en-rdc\/\">Cliquez ici pour lire l&rsquo;article depuis sa source.<\/a><\/p>\n","protected":false},"excerpt":{"rendered":"<p>Publi\u00e9 le 20.05.2019 \u00e0 21h18 par APA News La France va financer la feuille de route du nouveau partenariat avec la RD Congo \u00e0 hauteur de 300 millions d\u2019euros qui seront affect\u00e9s en priorit\u00e9 aux secteurs de l\u2019\u00e9ducation, de la sant\u00e9 et de la s\u00e9curit\u00e9, a annonc\u00e9 lundi le ministre fran\u00e7ais de l\u2019Europe et des [&hellip;]<\/p>\n","protected":false},"author":1965,"featured_media":0,"comment_status":"closed","ping_status":"closed","sticky":false,"template":"","format":"standard","meta":{"fifu_image_url":"","fifu_image_alt":"","footnotes":""},"categories":[73,82],"tags":[],"class_list":["post-35550","post","type-post","status-publish","format-standard","hentry","category-actualite","category-cameroun"],"_links":{"self":[{"href":"https:\/\/linitiative.ca\/International\/wp-json\/wp\/v2\/posts\/35550","targetHints":{"allow":["GET"]}}],"collection":[{"href":"https:\/\/linitiative.ca\/International\/wp-json\/wp\/v2\/posts"}],"about":[{"href":"https:\/\/linitiative.ca\/International\/wp-json\/wp\/v2\/types\/post"}],"author":[{"embeddable":true,"href":"https:\/\/linitiative.ca\/International\/wp-json\/wp\/v2\/users\/1965"}],"replies":[{"embeddable":true,"href":"https:\/\/linitiative.ca\/International\/wp-json\/wp\/v2\/comments?post=35550"}],"version-history":[{"count":0,"href":"https:\/\/linitiative.ca\/International\/wp-json\/wp\/v2\/posts\/35550\/revisions"}],"wp:attachment":[{"href":"https:\/\/linitiative.ca\/International\/wp-json\/wp\/v2\/media?parent=35550"}],"wp:term":[{"taxonomy":"category","embeddable":true,"href":"https:\/\/linitiative.ca\/International\/wp-json\/wp\/v2\/categories?post=35550"},{"taxonomy":"post_tag","embeddable":true,"href":"https:\/\/linitiative.ca\/International\/wp-json\/wp\/v2\/tags?post=35550"}],"curies":[{"name":"wp","href":"https:\/\/api.w.org\/{rel}","templated":true}]}}