{"id":35581,"date":"2019-05-20T18:03:28","date_gmt":"2019-05-20T22:03:28","guid":{"rendered":"https:\/\/linitiative.ca\/International\/tunisie-affaire-toubal-communique-du-ministere-de-linterieur\/"},"modified":"2019-05-20T18:03:28","modified_gmt":"2019-05-20T22:03:28","slug":"tunisie-affaire-toubal-communique-du-ministere-de-linterieur","status":"publish","type":"post","link":"https:\/\/linitiative.ca\/International\/tunisie-affaire-toubal-communique-du-ministere-de-linterieur\/","title":{"rendered":"Tunisie \u2013 \u00ab\u00a0Affaire Toubal\u00a0\u00bb Communiqu\u00e9 du minist\u00e8re de l\u2019int\u00e9rieur"},"content":{"rendered":"<div class=\"post-cont-in left relative\">\n<p>Le minist\u00e8re de l\u2019Int\u00e9rieur a publi\u00e9 ce lundi, un communiqu\u00e9 sur sa page officielle, suite \u00e0 la diffusion par le d\u00e9put\u00e9 Sofiane Toubal, sur la sienne, de la Photo du directeur g\u00e9n\u00e9ral des services sp\u00e9ciaux, suite au communiqu\u00e9 du parti Nidaa Tounes (version Hammamet), accusant un directeur g\u00e9n\u00e9ral au sein du minist\u00e8re de l\u2019Int\u00e9rieur d\u2019\u00eatre derri\u00e8re la diffusion d\u2019une\u00a0s\u00e9quence vid\u00e9o montrant Toubal en train de flamber de l\u2019argent dans un cabaret au Caire, dans une allusion claire au directeur g\u00e9n\u00e9ral des services sp\u00e9ciaux.<\/p>\n<p>Dans son communiqu\u00e9, le minist\u00e8re tient \u00e0 condamner ces accusations gratuites ainsi que la diffusion des photos d\u2019un haut cadre de la lutte antiterroriste, mettant de ce fait, sa vie en danger.\u00a0 Il\u00a0appelle, en cette p\u00e9riode pr\u00e9\u00e9lectorale\u00a0 tous les partis politiques \u00e0 maintenir les forces de s\u00e9curit\u00e9 int\u00e9rieures, ainsi que les cadres du minist\u00e8re, en dehors de leurs querelles et leurs tiraillements.<\/p>\n<div class=\"code-block code-block-1 c3\"><ins class=\"adsbygoogle c2\" data-ad-layout=\"in-article\" data-ad-format=\"fluid\" data-ad-client=\"ca-pub-2102118777505746\" data-ad-slot=\"7301775417\"\/> <\/div>\n<p>Par ailleurs, le minist\u00e8re a annonc\u00e9 qu\u2019il se r\u00e9servait le droit de poursuivre en justice tous ceux qui osent porter atteinte \u00e0 ses institutions et ses cadres.<\/p>\n<div class=\"mvp-org-wrap mvp-org-logo\" itemprop=\"publisher\" itemscope=\"\" itemtype=\"https:\/\/schema.org\/Organization\"><img decoding=\"async\" src=\"https:\/\/www.tunisienumerique.com\/wp-content\/uploads\/2017\/02\/logo_tunisie_numerique.png\"\/><\/div>\n<div class=\"mvp-related-posts left relative\">\n<h4 class=\"post-header\"><span class=\"post-header\">Lire aussi<\/span><\/h4>\n<\/div>\n<\/div>\n<p>Auteur: LM<br \/>\n<a href=\"https:\/\/www.tunisienumerique.com\/tunisie-affaire-toubal-communique-du-ministere-de-linterieur\/\">Cliquez ici pour lire l&rsquo;article depuis sa source.<\/a><\/p>\n","protected":false},"excerpt":{"rendered":"<p>Le minist\u00e8re de l\u2019Int\u00e9rieur a publi\u00e9 ce lundi, un communiqu\u00e9 sur sa page officielle, suite \u00e0 la diffusion par le d\u00e9put\u00e9 Sofiane Toubal, sur la sienne, de la Photo du directeur g\u00e9n\u00e9ral des services sp\u00e9ciaux, suite au communiqu\u00e9 du parti Nidaa Tounes (version Hammamet), accusant un directeur g\u00e9n\u00e9ral au sein du minist\u00e8re de l\u2019Int\u00e9rieur d\u2019\u00eatre [&hellip;]<\/p>\n","protected":false},"author":1789,"featured_media":35583,"comment_status":"closed","ping_status":"closed","sticky":false,"template":"","format":"standard","meta":{"fifu_image_url":"","fifu_image_alt":"","footnotes":""},"categories":[73,55],"tags":[],"class_list":["post-35581","post","type-post","status-publish","format-standard","has-post-thumbnail","hentry","category-actualite","category-tunisie"],"_links":{"self":[{"href":"https:\/\/linitiative.ca\/International\/wp-json\/wp\/v2\/posts\/35581","targetHints":{"allow":["GET"]}}],"collection":[{"href":"https:\/\/linitiative.ca\/International\/wp-json\/wp\/v2\/posts"}],"about":[{"href":"https:\/\/linitiative.ca\/International\/wp-json\/wp\/v2\/types\/post"}],"author":[{"embeddable":true,"href":"https:\/\/linitiative.ca\/International\/wp-json\/wp\/v2\/users\/1789"}],"replies":[{"embeddable":true,"href":"https:\/\/linitiative.ca\/International\/wp-json\/wp\/v2\/comments?post=35581"}],"version-history":[{"count":0,"href":"https:\/\/linitiative.ca\/International\/wp-json\/wp\/v2\/posts\/35581\/revisions"}],"wp:featuredmedia":[{"embeddable":true,"href":"https:\/\/linitiative.ca\/International\/wp-json\/"}],"wp:attachment":[{"href":"https:\/\/linitiative.ca\/International\/wp-json\/wp\/v2\/media?parent=35581"}],"wp:term":[{"taxonomy":"category","embeddable":true,"href":"https:\/\/linitiative.ca\/International\/wp-json\/wp\/v2\/categories?post=35581"},{"taxonomy":"post_tag","embeddable":true,"href":"https:\/\/linitiative.ca\/International\/wp-json\/wp\/v2\/tags?post=35581"}],"curies":[{"name":"wp","href":"https:\/\/api.w.org\/{rel}","templated":true}]}}