{"id":35589,"date":"2019-05-20T15:27:43","date_gmt":"2019-05-20T19:27:43","guid":{"rendered":"https:\/\/linitiative.ca\/International\/aeroport-marrakech-menara-hausse-de-2431-du-trafic-aerien-en-avril-dernier\/"},"modified":"2019-05-20T15:27:43","modified_gmt":"2019-05-20T19:27:43","slug":"aeroport-marrakech-menara-hausse-de-2431-du-trafic-aerien-en-avril-dernier","status":"publish","type":"post","link":"https:\/\/linitiative.ca\/International\/aeroport-marrakech-menara-hausse-de-2431-du-trafic-aerien-en-avril-dernier\/","title":{"rendered":"A\u00e9roport Marrakech-Menara: Hausse de 24,31% du trafic a\u00e9rien en avril dernier"},"content":{"rendered":"<div readability=\"35\">\n<p>Marrakech \u2013 Le trafic des passagers au niveau de l\u2019a\u00e9roport international de Marrakech-Menara a enregistr\u00e9 une hausse de 24,31% en avril dernier comparativement au m\u00eame mois de l\u2019ann\u00e9e \u00e9coul\u00e9e.<\/p>\n<\/div>\n<div readability=\"69\">\n<p>Selon les derni\u00e8res donn\u00e9es publi\u00e9es par l\u2019Office national des A\u00e9roports (ONDA), l\u2019a\u00e9roport de la cit\u00e9 ocre a accueilli un total de 612.470 passagers le mois dernier contre 492.713 voyageurs en avril 2018.<\/p>\n<p>Avec cette nouvelle performance, cette infrastructure a\u00e9roportuaire s\u2019est accapar\u00e9e 26,54% du trafic a\u00e9rien commercial global en avril dernier, occupant ainsi la 2\u00e8me place derri\u00e8re l\u2019a\u00e9roport international Mohammed V de Casablanca (40,99%).<\/p>\n<p>Concernant les mouvements d\u2019avions durant le mois d\u2019avril, la part de l\u2019a\u00e9roport de la cit\u00e9 ocre s\u2019est \u00e9tablie \u00e0 23,01% sur les 17.654 mouvements d\u2019avion enregistr\u00e9s au niveau national, derri\u00e8re l\u2019a\u00e9roport international Mohammed V de Casablanca (43,41%).<\/p>\n<p>S\u2019agissant des cinq premi\u00e8res routes a\u00e9riennes au niveau national en avril dernier, la ligne Marrakech-Paris-Orly a occup\u00e9 pour la premi\u00e8re fois la premi\u00e8re place au podium du top 5 des dessertes a\u00e9riennes, avec 71.404 passagers, suivie de la ligne Mohammed V-Paris-Orly avec 70.916 voyageurs, alors que la ligne Marrakech-Madrid a occup\u00e9 le 5\u00e8me rang avec 35.022 voyageurs, a pr\u00e9cis\u00e9 l\u2019Office national des A\u00e9roports.<\/p>\n<p>A noter que les a\u00e9roports du Royaume ont enregistr\u00e9, en avril dernier, un volume de trafic commercial de 2.307.558 passagers, soit une augmentation de 14,64% par rapport \u00e0 la m\u00eame p\u00e9riode de l\u2019ann\u00e9e 2018.<\/p>\n<\/div>\n<p>Auteur: Meriem IGASS<br \/>\n<a href=\"http:\/\/www.mapmarrakech.ma\/fr\/aeroport-marrakech-menara-hausse-de-2431-du-trafic-aerien-en-avril-dernier\/\">Cliquez ici pour lire l&rsquo;article depuis sa source.<\/a><\/p>\n","protected":false},"excerpt":{"rendered":"<p>Marrakech \u2013 Le trafic des passagers au niveau de l\u2019a\u00e9roport international de Marrakech-Menara a enregistr\u00e9 une hausse de 24,31% en avril dernier comparativement au m\u00eame mois de l\u2019ann\u00e9e \u00e9coul\u00e9e. Selon les derni\u00e8res donn\u00e9es publi\u00e9es par l\u2019Office national des A\u00e9roports (ONDA), l\u2019a\u00e9roport de la cit\u00e9 ocre a accueilli un total de 612.470 passagers le mois dernier [&hellip;]<\/p>\n","protected":false},"author":1788,"featured_media":0,"comment_status":"closed","ping_status":"closed","sticky":false,"template":"","format":"standard","meta":{"fifu_image_url":"","fifu_image_alt":"","footnotes":""},"categories":[54,76],"tags":[],"class_list":["post-35589","post","type-post","status-publish","format-standard","hentry","category-maroc","category-regions"],"_links":{"self":[{"href":"https:\/\/linitiative.ca\/International\/wp-json\/wp\/v2\/posts\/35589","targetHints":{"allow":["GET"]}}],"collection":[{"href":"https:\/\/linitiative.ca\/International\/wp-json\/wp\/v2\/posts"}],"about":[{"href":"https:\/\/linitiative.ca\/International\/wp-json\/wp\/v2\/types\/post"}],"author":[{"embeddable":true,"href":"https:\/\/linitiative.ca\/International\/wp-json\/wp\/v2\/users\/1788"}],"replies":[{"embeddable":true,"href":"https:\/\/linitiative.ca\/International\/wp-json\/wp\/v2\/comments?post=35589"}],"version-history":[{"count":0,"href":"https:\/\/linitiative.ca\/International\/wp-json\/wp\/v2\/posts\/35589\/revisions"}],"wp:attachment":[{"href":"https:\/\/linitiative.ca\/International\/wp-json\/wp\/v2\/media?parent=35589"}],"wp:term":[{"taxonomy":"category","embeddable":true,"href":"https:\/\/linitiative.ca\/International\/wp-json\/wp\/v2\/categories?post=35589"},{"taxonomy":"post_tag","embeddable":true,"href":"https:\/\/linitiative.ca\/International\/wp-json\/wp\/v2\/tags?post=35589"}],"curies":[{"name":"wp","href":"https:\/\/api.w.org\/{rel}","templated":true}]}}