{"id":35591,"date":"2019-05-20T19:22:14","date_gmt":"2019-05-20T23:22:14","guid":{"rendered":"https:\/\/linitiative.ca\/International\/hamid-bentahar-reconduit-a-lunanimite-pour-un-nouveau-mandat-a-la-presidence-du-crt-de-marrakech\/"},"modified":"2019-05-20T19:22:14","modified_gmt":"2019-05-20T23:22:14","slug":"hamid-bentahar-reconduit-a-lunanimite-pour-un-nouveau-mandat-a-la-presidence-du-crt-de-marrakech","status":"publish","type":"post","link":"https:\/\/linitiative.ca\/International\/hamid-bentahar-reconduit-a-lunanimite-pour-un-nouveau-mandat-a-la-presidence-du-crt-de-marrakech\/","title":{"rendered":"Hamid Bentahar reconduit \u00e0 l\u2019unanimit\u00e9 pour un nouveau mandat \u00e0 la Pr\u00e9sidence du CRT de Marrakech"},"content":{"rendered":"<div class=\"single-featured\"><img alt=\"\" data-src=\"http:\/\/www.mapmarrakech.ma\/map\/uploads\/2019\/05\/HAMID-BENTAHAR-copier.jpg\"\/><\/div>\n<div class=\"single-post-excerpt post-excerpt-bc\" readability=\"33\">\n<p>Marrakech \u2013 M. Hamid Bentahar a \u00e9t\u00e9 reconduit pour un nouveau mandat \u00e0 la Pr\u00e9sidence du Conseil R\u00e9gional du Tourisme (CRT) de Marrakech.<\/p>\n<\/div>\n<div class=\"entry-content clearfix single-post-content\" readability=\"50\">\n<p>M.Bentahar,\u00a0Pr\u00e9sident du CRT de Marrakech depuis 2008, a \u00e9t\u00e9 \u00e9lu\u00a0\u00e0 l\u2019unanimit\u00e9\u00a0lors de l\u2019Assembl\u00e9e g\u00e9n\u00e9rale ordinaire du Conseil tenue vendredi dernier, \u00e0 la Cit\u00e9 ocre.<\/p>\n<p>Il est \u00e0 rappeler que M. Bentahar est \u00e9galement Vice-pr\u00e9sident de la F\u00e9d\u00e9ration Nationale du Tourisme et Membre du conseil Ex\u00e9cutif de la Fondation M\u00e9diterran\u00e9enne du Tourisme depuis 2015.<\/p>\n<p>Lors de cette assembl\u00e9e, le Pr\u00e9sident a proc\u00e9d\u00e9 \u00e0 la pr\u00e9sentation du bilan des exercices 2015, 2016, 2017 et 2018, \u00e0 savoir les indicateurs de l\u2019activit\u00e9 touristique et les bilans des chantiers (Promotion, digital, produit, a\u00e9rien et MICE).<\/p>\n<\/div>\n<p>Auteur: Meriem IGASS<br \/>\n<a href=\"http:\/\/www.mapmarrakech.ma\/fr\/hamid-bentahar-reconduit-a-lunanimite-pour-un-nouveau-mandat-a-la-presidence-du-crt-de-marrakech\/\">Cliquez ici pour lire l&rsquo;article depuis sa source.<\/a><\/p>\n","protected":false},"excerpt":{"rendered":"<p>Marrakech \u2013 M. Hamid Bentahar a \u00e9t\u00e9 reconduit pour un nouveau mandat \u00e0 la Pr\u00e9sidence du Conseil R\u00e9gional du Tourisme (CRT) de Marrakech. M.Bentahar,\u00a0Pr\u00e9sident du CRT de Marrakech depuis 2008, a \u00e9t\u00e9 \u00e9lu\u00a0\u00e0 l\u2019unanimit\u00e9\u00a0lors de l\u2019Assembl\u00e9e g\u00e9n\u00e9rale ordinaire du Conseil tenue vendredi dernier, \u00e0 la Cit\u00e9 ocre. Il est \u00e0 rappeler que M. Bentahar est [&hellip;]<\/p>\n","protected":false},"author":1788,"featured_media":35592,"comment_status":"closed","ping_status":"closed","sticky":false,"template":"","format":"standard","meta":{"fifu_image_url":"","fifu_image_alt":"","footnotes":""},"categories":[54,76],"tags":[],"class_list":["post-35591","post","type-post","status-publish","format-standard","has-post-thumbnail","hentry","category-maroc","category-regions"],"_links":{"self":[{"href":"https:\/\/linitiative.ca\/International\/wp-json\/wp\/v2\/posts\/35591","targetHints":{"allow":["GET"]}}],"collection":[{"href":"https:\/\/linitiative.ca\/International\/wp-json\/wp\/v2\/posts"}],"about":[{"href":"https:\/\/linitiative.ca\/International\/wp-json\/wp\/v2\/types\/post"}],"author":[{"embeddable":true,"href":"https:\/\/linitiative.ca\/International\/wp-json\/wp\/v2\/users\/1788"}],"replies":[{"embeddable":true,"href":"https:\/\/linitiative.ca\/International\/wp-json\/wp\/v2\/comments?post=35591"}],"version-history":[{"count":0,"href":"https:\/\/linitiative.ca\/International\/wp-json\/wp\/v2\/posts\/35591\/revisions"}],"wp:featuredmedia":[{"embeddable":true,"href":"https:\/\/linitiative.ca\/International\/wp-json\/"}],"wp:attachment":[{"href":"https:\/\/linitiative.ca\/International\/wp-json\/wp\/v2\/media?parent=35591"}],"wp:term":[{"taxonomy":"category","embeddable":true,"href":"https:\/\/linitiative.ca\/International\/wp-json\/wp\/v2\/categories?post=35591"},{"taxonomy":"post_tag","embeddable":true,"href":"https:\/\/linitiative.ca\/International\/wp-json\/wp\/v2\/tags?post=35591"}],"curies":[{"name":"wp","href":"https:\/\/api.w.org\/{rel}","templated":true}]}}