{"id":35595,"date":"2019-05-20T19:00:00","date_gmt":"2019-05-20T23:00:00","guid":{"rendered":"https:\/\/linitiative.ca\/International\/m-djellab-recoit-lambassadeur-dethiopie-examen-de-la-cooperation-economique\/"},"modified":"2019-05-20T19:00:00","modified_gmt":"2019-05-20T23:00:00","slug":"m-djellab-recoit-lambassadeur-dethiopie-examen-de-la-cooperation-economique","status":"publish","type":"post","link":"https:\/\/linitiative.ca\/International\/m-djellab-recoit-lambassadeur-dethiopie-examen-de-la-cooperation-economique\/","title":{"rendered":"M. Djellab recoit l\u2019ambassadeur d\u2019\u00e9thiopie : Examen de la coop\u00e9ration \u00e9conomique"},"content":{"rendered":"<p>Le ministre du Commerce, Said Djellab, a re\u00e7u hier l&rsquo;ambassadeur de la R\u00e9publique f\u00e9d\u00e9rale d\u00e9mocratique d\u2019Ethiopie, Amin Abdulkadir, avec lequel il a \u00e9voqu\u00e9 la coop\u00e9ration \u00e9conomique et les \u00e9changes commerciaux bilat\u00e9raux.<br \/>Rappelant \u00abl&rsquo;excellente relation d&rsquo;amiti\u00e9 et de coop\u00e9ration entre les deux pays\u00bb, M. Djellab a examin\u00e9 avec l&rsquo;ambassadeur \u00ables moyens susceptibles de renforcer et de d\u00e9velopper la coop\u00e9ration \u00e9conomique et les \u00e9changes commerciaux entre l&rsquo;Alg\u00e9rie et l&rsquo;Ethiopie, notamment les exportations hors hydrocarbures alg\u00e9riennes vers l&rsquo;Ethiopie\u00bb.<br \/>Pour sa part, l&rsquo;ambassadeur a \u00abf\u00e9licit\u00e9 les relations d&rsquo;amiti\u00e9 et de coop\u00e9ration entre les deux pays\u00bb et exprim\u00e9 \u00abla volont\u00e9 de son pays de consolider davantage ces liens\u00bb. Les deux parties ont, en outre, insist\u00e9 sur l&rsquo;importance du renforcement des rencontres entre les op\u00e9rateurs \u00e9conomiques alg\u00e9riens et \u00e9thiopiens, ainsi que l&rsquo;organisation de foires et d&rsquo;expositions leur permettant d&rsquo;examiner les opportunit\u00e9s de partenariats et d&rsquo;investissements dans diff\u00e9rents domaines.<\/p>\n<p>Auteur: elmoudjahid<br \/>\n<a href=\"http:\/\/www.elmoudjahid.com\/fr\/actualites\/137137\">Cliquez ici pour lire l&rsquo;article depuis sa source.<\/a><\/p>\n","protected":false},"excerpt":{"rendered":"<p>Le ministre du Commerce, Said Djellab, a re\u00e7u hier l&rsquo;ambassadeur de la R\u00e9publique f\u00e9d\u00e9rale d\u00e9mocratique d\u2019Ethiopie, Amin Abdulkadir, avec lequel il a \u00e9voqu\u00e9 la coop\u00e9ration \u00e9conomique et les \u00e9changes commerciaux bilat\u00e9raux.Rappelant \u00abl&rsquo;excellente relation d&rsquo;amiti\u00e9 et de coop\u00e9ration entre les deux pays\u00bb, M. Djellab a examin\u00e9 avec l&rsquo;ambassadeur \u00ables moyens susceptibles de renforcer et de d\u00e9velopper [&hellip;]<\/p>\n","protected":false},"author":1744,"featured_media":0,"comment_status":"closed","ping_status":"closed","sticky":false,"template":"","format":"standard","meta":{"fifu_image_url":"","fifu_image_alt":"","footnotes":""},"categories":[73,53],"tags":[],"class_list":["post-35595","post","type-post","status-publish","format-standard","hentry","category-actualite","category-algerie"],"_links":{"self":[{"href":"https:\/\/linitiative.ca\/International\/wp-json\/wp\/v2\/posts\/35595","targetHints":{"allow":["GET"]}}],"collection":[{"href":"https:\/\/linitiative.ca\/International\/wp-json\/wp\/v2\/posts"}],"about":[{"href":"https:\/\/linitiative.ca\/International\/wp-json\/wp\/v2\/types\/post"}],"author":[{"embeddable":true,"href":"https:\/\/linitiative.ca\/International\/wp-json\/wp\/v2\/users\/1744"}],"replies":[{"embeddable":true,"href":"https:\/\/linitiative.ca\/International\/wp-json\/wp\/v2\/comments?post=35595"}],"version-history":[{"count":0,"href":"https:\/\/linitiative.ca\/International\/wp-json\/wp\/v2\/posts\/35595\/revisions"}],"wp:attachment":[{"href":"https:\/\/linitiative.ca\/International\/wp-json\/wp\/v2\/media?parent=35595"}],"wp:term":[{"taxonomy":"category","embeddable":true,"href":"https:\/\/linitiative.ca\/International\/wp-json\/wp\/v2\/categories?post=35595"},{"taxonomy":"post_tag","embeddable":true,"href":"https:\/\/linitiative.ca\/International\/wp-json\/wp\/v2\/tags?post=35595"}],"curies":[{"name":"wp","href":"https:\/\/api.w.org\/{rel}","templated":true}]}}