{"id":35603,"date":"2019-05-20T23:10:06","date_gmt":"2019-05-21T03:10:06","guid":{"rendered":"https:\/\/linitiative.ca\/International\/afrique-ghana-asamoah-gyan-fait-faux-bond-a-sa-selection\/"},"modified":"2019-05-20T23:10:06","modified_gmt":"2019-05-21T03:10:06","slug":"afrique-ghana-asamoah-gyan-fait-faux-bond-a-sa-selection","status":"publish","type":"post","link":"https:\/\/linitiative.ca\/International\/afrique-ghana-asamoah-gyan-fait-faux-bond-a-sa-selection\/","title":{"rendered":"Afrique : Ghana : Asamoah Gyan fait faux bond \u00e0 sa s\u00e9lection !"},"content":{"rendered":"<div readability=\"32\">\n<p>Auteur : <span class=\"time\">lundi 20 mai 2019 21:41<\/span><\/p>\n<\/div>\n<div id=\"post_core\" readability=\"47\">\n<p>Gyan cherche par ce geste \u00e0 protester contre l&rsquo;intention du s\u00e9lectionneur Kwesi Appiah de vouloir nommer un autre capitaine \u00e0 la CAN :<\/p>\n<p>\u00ab\u00a0Apr\u00e8s avoir consult\u00e9 ma famille et mon team&#8230; si la d\u00e9cision du s\u00e9lectionneur est de confier le capitanat pendant le tournoi \u00e0 un autre joueur alors que j&rsquo;ai \u00e9t\u00e9 retenu, je d\u00e9sire me retirer\u00a0\u00bb, a d\u00e9clar\u00e9 l&rsquo;attaquant \u00e2g\u00e9 de 33 ans. \u00ab\u00a0Je d\u00e9sire aussi me retirer de l&rsquo;\u00e9quipe nationale d\u00e9finitivement\u00a0\u00bb, a ajout\u00e9 le joueur, qui \u00e9volue dans le club turc de Kayserispor comme le rapporte Sport24.<\/p>\n<p>Gyan a fait ses d\u00e9buts avec les Black Stars dont il est le meilleur buteur (51 buts) en 2003, \u00e0 l&rsquo;\u00e2ge de 17 ans. Il compte 106 s\u00e9lections et a disput\u00e9 trois Coupes du monde (2006, 2010 et 2014).<\/p>\n<p><strong>Publi\u00e9 dans :<\/strong> <span>Ghana<\/span><\/p>\n<\/div>\n<p>Auteur:<br \/>\n<a href=\"http:\/\/www.lebuteur.com\/article\/detail?titre=ghana-asamoah-gyan-fait-faux-bond-a-sa-selection&#038;id=88979&#038;utm_source=feedburner&#038;utm_medium=feed&#038;utm_campaign=Feed%3A+GalerieFArtciles+%28Les+derniers+articles++-+lebuteur.com%29\">Cliquez ici pour lire l&rsquo;article depuis sa source.<\/a><\/p>\n","protected":false},"excerpt":{"rendered":"<p>Auteur : lundi 20 mai 2019 21:41 Gyan cherche par ce geste \u00e0 protester contre l&rsquo;intention du s\u00e9lectionneur Kwesi Appiah de vouloir nommer un autre capitaine \u00e0 la CAN : \u00ab\u00a0Apr\u00e8s avoir consult\u00e9 ma famille et mon team&#8230; si la d\u00e9cision du s\u00e9lectionneur est de confier le capitanat pendant le tournoi \u00e0 un autre joueur [&hellip;]<\/p>\n","protected":false},"author":1738,"featured_media":35604,"comment_status":"closed","ping_status":"closed","sticky":false,"template":"","format":"standard","meta":{"fifu_image_url":"","fifu_image_alt":"","footnotes":""},"categories":[53,75],"tags":[],"class_list":["post-35603","post","type-post","status-publish","format-standard","has-post-thumbnail","hentry","category-algerie","category-sport"],"_links":{"self":[{"href":"https:\/\/linitiative.ca\/International\/wp-json\/wp\/v2\/posts\/35603","targetHints":{"allow":["GET"]}}],"collection":[{"href":"https:\/\/linitiative.ca\/International\/wp-json\/wp\/v2\/posts"}],"about":[{"href":"https:\/\/linitiative.ca\/International\/wp-json\/wp\/v2\/types\/post"}],"author":[{"embeddable":true,"href":"https:\/\/linitiative.ca\/International\/wp-json\/wp\/v2\/users\/1738"}],"replies":[{"embeddable":true,"href":"https:\/\/linitiative.ca\/International\/wp-json\/wp\/v2\/comments?post=35603"}],"version-history":[{"count":0,"href":"https:\/\/linitiative.ca\/International\/wp-json\/wp\/v2\/posts\/35603\/revisions"}],"wp:featuredmedia":[{"embeddable":true,"href":"https:\/\/linitiative.ca\/International\/wp-json\/"}],"wp:attachment":[{"href":"https:\/\/linitiative.ca\/International\/wp-json\/wp\/v2\/media?parent=35603"}],"wp:term":[{"taxonomy":"category","embeddable":true,"href":"https:\/\/linitiative.ca\/International\/wp-json\/wp\/v2\/categories?post=35603"},{"taxonomy":"post_tag","embeddable":true,"href":"https:\/\/linitiative.ca\/International\/wp-json\/wp\/v2\/tags?post=35603"}],"curies":[{"name":"wp","href":"https:\/\/api.w.org\/{rel}","templated":true}]}}