{"id":35618,"date":"2019-05-20T23:10:50","date_gmt":"2019-05-21T03:10:50","guid":{"rendered":"https:\/\/linitiative.ca\/International\/abderrassoul-lehdari-si-aziz-nous-a-appris-la-methode-la-rigueur-la-maitrise-du-sujet-et-lesprit-critique\/"},"modified":"2019-05-20T23:10:50","modified_gmt":"2019-05-21T03:10:50","slug":"abderrassoul-lehdari-si-aziz-nous-a-appris-la-methode-la-rigueur-la-maitrise-du-sujet-et-lesprit-critique","status":"publish","type":"post","link":"https:\/\/linitiative.ca\/International\/abderrassoul-lehdari-si-aziz-nous-a-appris-la-methode-la-rigueur-la-maitrise-du-sujet-et-lesprit-critique\/","title":{"rendered":"Abderrassoul Lehdari : \u00abSi Aziz nous a appris la m\u00e9thode, la rigueur, la ma\u00eetrise du sujet et l\u2019esprit critique\u00bb"},"content":{"rendered":"<p class=\"c4\"><span class=\"c3\"><strong><span class=\"c2\">P<\/span>our appr\u00e9cier \u00e0 sa juste mesure la personnalit\u00e9 de \u00abSi Aziz\u00bb et son apport progressiste \u00e0 la nation marocaine, il faudrait pouvoir parcourir tous les domaines qu\u2019il a lui-m\u00eame arpent\u00e9s et investis par sa r\u00e9flexion et sa praxis, en m\u00eame temps qu\u2019il les a marqu\u00e9s de son empreinte et de son action enseignement universitaire, investigation et \u00e9tudes en mati\u00e8re de gen\u00e8se du sous-d\u00e9veloppement et de strat\u00e9gie du d\u00e9veloppement, analyse concr\u00e8te de l\u2019\u00e9conomie marocaine dans tous volets.<\/strong><\/span><\/p>\n<p class=\"c4\">C\u2019est une participation qui force l\u2019admiration et repr\u00e9sentation \u00e9logieuse des \u00e9conomies marocaines \u00e0 de nombreux colloques, \u00e9ditions d\u2019ouvrages et de nombreux articles, direction de multiples recherches vari\u00e9es, militantisme exemplaire, une contribution par une r\u00e9flexion engag\u00e9e aux d\u00e9bats publics les plus \u00e9pineux de notre monde contemporain, etc. \u2026<\/p>\n<p class=\"c5\"><span class=\"c2\"><strong>Hauteur de vues tr\u00e8s critiques<\/strong><\/span><\/p>\n<p class=\"c4\">Autant dire donc que la t\u00e2che est immens\u00e9ment d\u00e9licate, voire impossible. Aussi je me restreindrais ici \u00e0 quelques \u00e9l\u00e9ments seulement de sa riche vie active et intellectuelle en insistant particuli\u00e8rement sur deux aspects\u00a0: la pens\u00e9e alerte, la profondeur et la hauteur de ses vues tr\u00e8s critiques que j\u2019ai pu appr\u00e9cier\u00a0\u00a0 \u00abin vivo\u00bb avec les \u00e9tudiants durant les ann\u00e9es 1975-1977, exp\u00e9rience prolong\u00e9e\u00a0 en tant que coll\u00e8gue et directeur de ma recherche, et son comportement probe et imbu d\u2019une modestie reconnue, connue et soulign\u00e9e par tous.<\/p>\n<p class=\"c4\">Homme dot\u00e9 d\u2019une vaste et polyvalente culture, capable de se mouvoir ais\u00e9ment du terrain de l\u2019\u00e9conomique au politico sociologique et de la philosophie \u00e0 l\u2019artistique, Si Aziz savait admirablement captiver l\u2019attention de ses auditeurs. Je dirais m\u00eame qu\u2019il envo\u00fbtait l\u2019assistance sous le charme de son style impeccable et simple tel qu\u2019il atteint sans peine l\u2019intelligence de son r\u00e9cepteur. Mais loin de verser dans le verbalisme creux et vaseux o\u00f9 le plagiat se m\u00eale \u00e0 la phras\u00e9ologie p\u00e9dante, Si Aziz \u00e9tait toujours pr\u00e9occup\u00e9 par la rigueur scientifique, la clart\u00e9 cristalline, le discours argument\u00e9 et engag\u00e9 au sens plein du terme. Car l\u2019objectivit\u00e9 scientifique ne signifie point et n\u2019a jamais signifi\u00e9 la neutralit\u00e9. L\u2019\u00e9pist\u00e9mologie moderne nous apprend qu\u2019il n\u2019y a pas de fait \u00abpur\u00bb ou encore \u00abqu\u2019il n\u2019y a pas de crit\u00e8res absolus pour s\u00e9parer ce qui est observation de ce qui est th\u00e9orie\u00bb Comme l\u2019\u00e9crit tr\u00e8s clairement P. Thuillier dans son livre\u00bb Jeux et enjeux de la science\u00bb (\u00e9d Laffort), les faits scientifiques \u00abloin d\u2019\u00eatre des donn\u00e9es qu\u2019il suffirait de constater (plut\u00f4t) s\u00e9lectionn\u00e9s, construits et interpr\u00e9t\u00e9s\u00bb .<\/p>\n<p class=\"c4\">S\u2019il en est ainsi, la meilleure garantie de l\u2019objectivit\u00e9 scientifique r\u00e9side dans l\u2019explication nette par l\u2019auteur de ses pr\u00e9suppos\u00e9s et positions politiques. Ce que n\u2019a jamais oubli\u00e9 Si Aziz en prenant ouvertement le parti de la classe ouvri\u00e8re et en menant un combat acharn\u00e9 contre le positivisme et ses diverses formes dans la discipline \u00e9conomique.<\/p>\n<p class=\"c5\"><strong><span class=\"c2\">L\u2019excitation de notre fringale du savoir<\/span><\/strong><\/p>\n<p class=\"c4\">Mais l\u2019inestimable int\u00e9r\u00eat des cours magistraux et conf\u00e9rences de Si Aziz g\u00eet autant dans ce qu\u2019ils invitent \u00e0 la m\u00e9ditation profonde et au criblage de l\u2019arme de la critique que dans l\u2019incitation de lire davantage et l\u2019excitation de notre fringale du savoir qu\u2019ils provoquaient en nous.<\/p>\n<p class=\"c4\">M\u00e9thode, rigueur, ma\u00eetrise du sujet et surtout esprit critique et \u00e9veill\u00e9\u00a0: Voil\u00e0 ce que le regrett\u00e9 Si Aziz nous a inculqu\u00e9s, voil\u00e0 ce qui amena les \u00e9tudiants en fin de chaque ann\u00e9e \u00e0 lui offrir un bouquet de fleurs\u00a0 en couronnement de sa mission formatrice et \u00e9ducatrice remarquablement acquitt\u00e9e.<\/p>\n<p class=\"c4\">Un autre m\u00e9rite de cet homme, mais pas des moindres, est son humilit\u00e9, son int\u00e9grit\u00e9, sa fameuse modestie et sa g\u00e9n\u00e9ricit\u00e9. Anim\u00e9 d\u2019un profond respect des hommes dans leur diversit\u00e9, Si Aziz a toujours su et pu se mettre au-dessus des vilenies et des bassesses de toutes natures.<\/p>\n<p class=\"c4\">D\u2019une politesse habituelle, il abordait ses pairs, coll\u00e8gues ou \u00e9tudiants avec sourire ineffable et un respect total. Bien plus, il r\u00e9pugnait m\u00eame \u00e0 les consid\u00e9rer, ne serait-ce qu\u2019un instant comme des personnes d\u00e9nu\u00e9es de maturit\u00e9 ou bien avec un paternalisme plus ou moins feutr\u00e9.<\/p>\n<p class=\"c4\">Avec lui, le traitement se fait d\u2019\u00e9gal \u00e0 \u00e9gal, sans surestimation de soi, sans vanit\u00e9. Ce qui lui fait honneur et ce qui agrandit sa valeur. Car la vraie personnalit\u00e9 bien qu\u2019elle commence par soi-m\u00eame ne se donne pas par moi-m\u00eame, mais s\u2019acquiert par des relations tr\u00e8s humaines et tr\u00e8s respectueuses avec autrui.<\/p>\n<p class=\"c4\">En tant que chef du d\u00e9partement ou en tant que directeur de recherche ou encore en tant que professeur, il savait se mettre patiemment \u00e0 l\u2019\u00e9coute attentive de ses interlocuteurs sans les interrompre et sans en prendre un air de grandeur factice ou simul\u00e9e. Bref, c\u2019\u00e9tait l\u2019homme qui s\u2019imposait sans imposer quoi que ce soit \u00e0 n\u2019importe qui.<\/p>\n<p class=\"c4\">En outre, il n\u2019\u00e9tait gu\u00e8re avare en conseils sinc\u00e8res, suggestions fructueuses et aides dans toute la mesure de son possible pour toute personne quels que soient ses opinions, es consultations et son rang social.<\/p>\n<p class=\"c4\">Nous avons donc perdu en Si Aziz un homme d\u2019une grande qualit\u00e9, d\u2019un comportement exemplaire doubl\u00e9 d\u2019un penseur vif, alert\u00e9 et tr\u00e8s critique. Si Aziz n\u2019est pas mort\u00a0: Il vit encore dans nos c\u0153urs, nos pens\u00e9es et notre praxis.<\/p>\n<p>Auteur: rahal mehamed<br \/>\n<a href=\"http:\/\/albayane.press.ma\/abderrassoul-lehdari-si-aziz-nous-a-appris-la-methode-la-rigueur-la-maitrise-du-sujet-et-lesprit-critique.html\">Cliquez ici pour lire l&rsquo;article depuis sa source.<\/a><\/p>\n","protected":false},"excerpt":{"rendered":"<p>Pour appr\u00e9cier \u00e0 sa juste mesure la personnalit\u00e9 de \u00abSi Aziz\u00bb et son apport progressiste \u00e0 la nation marocaine, il faudrait pouvoir parcourir tous les domaines qu\u2019il a lui-m\u00eame arpent\u00e9s et investis par sa r\u00e9flexion et sa praxis, en m\u00eame temps qu\u2019il les a marqu\u00e9s de son empreinte et de son action enseignement universitaire, investigation [&hellip;]<\/p>\n","protected":false},"author":1760,"featured_media":0,"comment_status":"closed","ping_status":"closed","sticky":false,"template":"","format":"standard","meta":{"fifu_image_url":"","fifu_image_alt":"","footnotes":""},"categories":[73,54],"tags":[],"class_list":["post-35618","post","type-post","status-publish","format-standard","hentry","category-actualite","category-maroc"],"_links":{"self":[{"href":"https:\/\/linitiative.ca\/International\/wp-json\/wp\/v2\/posts\/35618","targetHints":{"allow":["GET"]}}],"collection":[{"href":"https:\/\/linitiative.ca\/International\/wp-json\/wp\/v2\/posts"}],"about":[{"href":"https:\/\/linitiative.ca\/International\/wp-json\/wp\/v2\/types\/post"}],"author":[{"embeddable":true,"href":"https:\/\/linitiative.ca\/International\/wp-json\/wp\/v2\/users\/1760"}],"replies":[{"embeddable":true,"href":"https:\/\/linitiative.ca\/International\/wp-json\/wp\/v2\/comments?post=35618"}],"version-history":[{"count":0,"href":"https:\/\/linitiative.ca\/International\/wp-json\/wp\/v2\/posts\/35618\/revisions"}],"wp:attachment":[{"href":"https:\/\/linitiative.ca\/International\/wp-json\/wp\/v2\/media?parent=35618"}],"wp:term":[{"taxonomy":"category","embeddable":true,"href":"https:\/\/linitiative.ca\/International\/wp-json\/wp\/v2\/categories?post=35618"},{"taxonomy":"post_tag","embeddable":true,"href":"https:\/\/linitiative.ca\/International\/wp-json\/wp\/v2\/tags?post=35618"}],"curies":[{"name":"wp","href":"https:\/\/api.w.org\/{rel}","templated":true}]}}