{"id":35624,"date":"2019-05-21T08:24:04","date_gmt":"2019-05-21T12:24:04","guid":{"rendered":"https:\/\/linitiative.ca\/International\/aeroport-marrakech-menara-hausse-de-2162-du-trafic-aerien-a-fin-avril-2019\/"},"modified":"2019-05-21T08:24:04","modified_gmt":"2019-05-21T12:24:04","slug":"aeroport-marrakech-menara-hausse-de-2162-du-trafic-aerien-a-fin-avril-2019","status":"publish","type":"post","link":"https:\/\/linitiative.ca\/International\/aeroport-marrakech-menara-hausse-de-2162-du-trafic-aerien-a-fin-avril-2019\/","title":{"rendered":"A\u00e9roport Marrakech-Menara: Hausse de 21,62% du trafic a\u00e9rien \u00e0 fin avril 2019"},"content":{"rendered":"<div class=\"single-featured\"><img alt=\"\" data-src=\"http:\/\/www.mapmarrakech.ma\/map\/uploads\/2019\/05\/Aeroport-Marrakech-Menara.jpg\"\/><\/div>\n<div class=\"single-post-excerpt post-excerpt-bc\" readability=\"34\">\n<p>Marrakech \u2013 Le trafic a\u00e9rien des passagers au niveau de l\u2019a\u00e9roport international de Marrakech-Menara a enregistr\u00e9 un taux de croissance \u00e0 deux chiffres durant les quatre premiers mois de l\u2019ann\u00e9e en cours.<\/p>\n<\/div>\n<div class=\"entry-content clearfix single-post-content\" readability=\"62\">\n<p>Selon les donn\u00e9es publi\u00e9es par l\u2019Office national des A\u00e9roports (ONDA), le trafic a\u00e9rien commercial \u00e0 l\u2019a\u00e9roport Marrakech-Menara a r\u00e9alis\u00e9 une progression de 21,62% \u00e0 fin avril 2019, apr\u00e8s avoir accueilli un total de 2.133.765 passagers contre 1.754.457 voyageurs durant la m\u00eame p\u00e9riode de l\u2019ann\u00e9e pass\u00e9e.<\/p>\n<p>Avec cette performance, cette plateforme a\u00e9roportuaire a vu sa part du trafic a\u00e9rien commercial s\u2019\u00e9tablir \u00e0 26,92%, derri\u00e8re l\u2019a\u00e9roport international Mohammed V de Casablanca (40,06%), a pr\u00e9cis\u00e9 l\u2019Office.<\/p>\n<p>A rappeler que l\u2019a\u00e9roport Marrakech-Menara a enregistr\u00e9 durant l\u2019ann\u00e9e 2018 un trafic passagers record avec un total de 5.279.575 passagers, contre 4.366.263 voyageurs durant l\u2019ann\u00e9e 2017, soit une hausse de 20,92%.<\/p>\n<p>D\u2019autre part, l\u2019a\u00e9roport de la cit\u00e9 ocre s\u2019\u00e9tait accapar\u00e9 23,43% du trafic a\u00e9rien commercial global en 2018, occupant ainsi la 2\u00e8me place derri\u00e8re l\u2019a\u00e9roport Mohammed V de Casablanca (43,19%).<\/p>\n<\/div>\n<p>Auteur: Meriem IGASS<br \/>\n<a href=\"http:\/\/www.mapmarrakech.ma\/fr\/aeroport-marrakech-menara-hausse-de-2162-du-trafic-aerien-a-fin-avril-2019\/\">Cliquez ici pour lire l&rsquo;article depuis sa source.<\/a><\/p>\n","protected":false},"excerpt":{"rendered":"<p>Marrakech \u2013 Le trafic a\u00e9rien des passagers au niveau de l\u2019a\u00e9roport international de Marrakech-Menara a enregistr\u00e9 un taux de croissance \u00e0 deux chiffres durant les quatre premiers mois de l\u2019ann\u00e9e en cours. Selon les donn\u00e9es publi\u00e9es par l\u2019Office national des A\u00e9roports (ONDA), le trafic a\u00e9rien commercial \u00e0 l\u2019a\u00e9roport Marrakech-Menara a r\u00e9alis\u00e9 une progression de 21,62% [&hellip;]<\/p>\n","protected":false},"author":1788,"featured_media":35630,"comment_status":"closed","ping_status":"closed","sticky":false,"template":"","format":"standard","meta":{"fifu_image_url":"","fifu_image_alt":"","footnotes":""},"categories":[54,76],"tags":[],"class_list":["post-35624","post","type-post","status-publish","format-standard","has-post-thumbnail","hentry","category-maroc","category-regions"],"_links":{"self":[{"href":"https:\/\/linitiative.ca\/International\/wp-json\/wp\/v2\/posts\/35624","targetHints":{"allow":["GET"]}}],"collection":[{"href":"https:\/\/linitiative.ca\/International\/wp-json\/wp\/v2\/posts"}],"about":[{"href":"https:\/\/linitiative.ca\/International\/wp-json\/wp\/v2\/types\/post"}],"author":[{"embeddable":true,"href":"https:\/\/linitiative.ca\/International\/wp-json\/wp\/v2\/users\/1788"}],"replies":[{"embeddable":true,"href":"https:\/\/linitiative.ca\/International\/wp-json\/wp\/v2\/comments?post=35624"}],"version-history":[{"count":0,"href":"https:\/\/linitiative.ca\/International\/wp-json\/wp\/v2\/posts\/35624\/revisions"}],"wp:featuredmedia":[{"embeddable":true,"href":"https:\/\/linitiative.ca\/International\/wp-json\/"}],"wp:attachment":[{"href":"https:\/\/linitiative.ca\/International\/wp-json\/wp\/v2\/media?parent=35624"}],"wp:term":[{"taxonomy":"category","embeddable":true,"href":"https:\/\/linitiative.ca\/International\/wp-json\/wp\/v2\/categories?post=35624"},{"taxonomy":"post_tag","embeddable":true,"href":"https:\/\/linitiative.ca\/International\/wp-json\/wp\/v2\/tags?post=35624"}],"curies":[{"name":"wp","href":"https:\/\/api.w.org\/{rel}","templated":true}]}}