{"id":35626,"date":"2019-05-21T09:18:08","date_gmt":"2019-05-21T13:18:08","guid":{"rendered":"https:\/\/linitiative.ca\/International\/cameroun-334-entreprises-exclues-de-la-soumission-a-la-commande-publique-officiel\/"},"modified":"2019-05-21T09:18:08","modified_gmt":"2019-05-21T13:18:08","slug":"cameroun-334-entreprises-exclues-de-la-soumission-a-la-commande-publique-officiel","status":"publish","type":"post","link":"https:\/\/linitiative.ca\/International\/cameroun-334-entreprises-exclues-de-la-soumission-a-la-commande-publique-officiel\/","title":{"rendered":"Cameroun : 334 entreprises exclues de la soumission \u00e0 la commande publique (officiel)"},"content":{"rendered":"<div readability=\"32\">\n<p>Publi\u00e9 le 21.05.2019 \u00e0 14h18 par APA News<\/p>\n<\/div>\n<div readability=\"72\">\n<p>Le ministre camerounais en charge des March\u00e9s publics (Minmap), Ibrahim Talba Malla, a publi\u00e9 mardi une liste de 334 entreprises et prestataires interdits de soumissionner \u00e0 la commande publique pour une dur\u00e9e de 2 ans.\u00a0Selon le gouvernement, ces derniers sont coupables d\u2019avoir abandonn\u00e9 les march\u00e9s qui leur \u00e9taient attribu\u00e9s au cours des exercices allant de 2014 \u00e0 2017.<\/p>\n<p>Pendant la p\u00e9riode de suspension, ces soci\u00e9t\u00e9s ne pourront ni faire acte de candidature, ni co-traiter encore moins sous-traiter, sauf d\u00e9rogation sp\u00e9ciale, tout ou partie des prestations objet de la commande publique.<\/p>\n<p>En d\u00e9but f\u00e9vrier dernier, le Minmap avait accord\u00e9 un d\u00e9lai de 21 jours calendaires auxdits op\u00e9rateurs, majoritairement des petites et moyennes entreprises (PME) locales exer\u00e7ant dans la construction, la r\u00e9habilitation, la fourniture de mat\u00e9riels, l\u2019\u00e9quipement ou encore la r\u00e9alisation de forages.<\/p>\n<p>La d\u00e9cision visait \u00e0 proc\u00e9der \u00e0 la reprise des prestations dont l\u2019effectivit\u00e9 devait \u00eatre attest\u00e9e par un ordre de service d\u00fbment sign\u00e9 par le ma\u00eetre d\u2019ouvrage ou le ma\u00eetre d\u2019ouvrage d\u00e9l\u00e9gu\u00e9.<\/p>\n<p>En avril 2016, 122 soci\u00e9t\u00e9s d\u00e9faillantes avaient \u00e9t\u00e9 r\u00e9sili\u00e9es, avec toutes les cons\u00e9quences r\u00e9glementaires du point de vue de l\u2019exclusion de la commande publique pour une dur\u00e9e de 2 ans, dans le cadre du processus d\u2019assainissement des march\u00e9s publics.<\/p>\n<p>Un an auparavant, 114 cas de chantiers abandonn\u00e9s ont \u00e9t\u00e9 recens\u00e9s et 78 march\u00e9s r\u00e9sili\u00e9s au Cameroun, selon les donn\u00e9es officielles.<\/p>\n<\/div>\n<p>Auteur: APA News<br \/>\n<a href=\"https:\/\/www.journalducameroun.com\/fr\/cameroun-334-entreprises-exclues-de-la-soumission-a-la-commande-publique-officiel\/\">Cliquez ici pour lire l&rsquo;article depuis sa source.<\/a><\/p>\n","protected":false},"excerpt":{"rendered":"<p>Publi\u00e9 le 21.05.2019 \u00e0 14h18 par APA News Le ministre camerounais en charge des March\u00e9s publics (Minmap), Ibrahim Talba Malla, a publi\u00e9 mardi une liste de 334 entreprises et prestataires interdits de soumissionner \u00e0 la commande publique pour une dur\u00e9e de 2 ans.\u00a0Selon le gouvernement, ces derniers sont coupables d\u2019avoir abandonn\u00e9 les march\u00e9s qui leur [&hellip;]<\/p>\n","protected":false},"author":1965,"featured_media":0,"comment_status":"closed","ping_status":"closed","sticky":false,"template":"","format":"standard","meta":{"fifu_image_url":"","fifu_image_alt":"","footnotes":""},"categories":[73,82],"tags":[],"class_list":["post-35626","post","type-post","status-publish","format-standard","hentry","category-actualite","category-cameroun"],"_links":{"self":[{"href":"https:\/\/linitiative.ca\/International\/wp-json\/wp\/v2\/posts\/35626","targetHints":{"allow":["GET"]}}],"collection":[{"href":"https:\/\/linitiative.ca\/International\/wp-json\/wp\/v2\/posts"}],"about":[{"href":"https:\/\/linitiative.ca\/International\/wp-json\/wp\/v2\/types\/post"}],"author":[{"embeddable":true,"href":"https:\/\/linitiative.ca\/International\/wp-json\/wp\/v2\/users\/1965"}],"replies":[{"embeddable":true,"href":"https:\/\/linitiative.ca\/International\/wp-json\/wp\/v2\/comments?post=35626"}],"version-history":[{"count":0,"href":"https:\/\/linitiative.ca\/International\/wp-json\/wp\/v2\/posts\/35626\/revisions"}],"wp:attachment":[{"href":"https:\/\/linitiative.ca\/International\/wp-json\/wp\/v2\/media?parent=35626"}],"wp:term":[{"taxonomy":"category","embeddable":true,"href":"https:\/\/linitiative.ca\/International\/wp-json\/wp\/v2\/categories?post=35626"},{"taxonomy":"post_tag","embeddable":true,"href":"https:\/\/linitiative.ca\/International\/wp-json\/wp\/v2\/tags?post=35626"}],"curies":[{"name":"wp","href":"https:\/\/api.w.org\/{rel}","templated":true}]}}