{"id":35628,"date":"2019-05-21T10:55:35","date_gmt":"2019-05-21T14:55:35","guid":{"rendered":"https:\/\/linitiative.ca\/International\/droits-dimage-orange-condamne-a-verser-650-millions-de-fcfa-a-samuel-etoo\/"},"modified":"2019-05-21T10:55:35","modified_gmt":"2019-05-21T14:55:35","slug":"droits-dimage-orange-condamne-a-verser-650-millions-de-fcfa-a-samuel-etoo","status":"publish","type":"post","link":"https:\/\/linitiative.ca\/International\/droits-dimage-orange-condamne-a-verser-650-millions-de-fcfa-a-samuel-etoo\/","title":{"rendered":"Droits d\u2019image : Orange condamn\u00e9 \u00e0 verser 650 millions de FCFA \u00e0 Samuel Eto\u2019o"},"content":{"rendered":"<div class=\"featured-area featured-area-inner\"><img loading=\"lazy\" decoding=\"async\" width=\"472\" height=\"287\" src=\"https:\/\/i2.wp.com\/ecomatin.net\/wp-content\/uploads\/2019\/05\/ecomatin.net-droits-dimage-orange-condamne-a-verser-650-millions-de-fcfa-a-samuel-etoo-samuel-etoo1-472x287.jpg?resize=472%2C287&#038;ssl=1&#038;is-pending-load=1\" class=\"attachment-jannah-image-post size-jannah-image-post wp-post-image jetpack-lazy-image\" alt=\"\" data-attachment-id=\"8338\" data-permalink=\"https:\/\/ecomatin.net\/droits-dimage-orange-condamne-a-verser-650-millions-de-fcfa-a-samuel-etoo\/samuel-etoo1-472x287\/\" data-orig-file=\"https:\/\/i2.wp.com\/ecomatin.net\/wp-content\/uploads\/2019\/05\/ecomatin.net-droits-dimage-orange-condamne-a-verser-650-millions-de-fcfa-a-samuel-etoo-samuel-etoo1-472x287.jpg?fit=472%2C287&#038;ssl=1\" data-orig-size=\"472,287\" data-comments-opened=\"0\" data-image-meta=\"{\"aperture\":\"0\",\"credit\":\"\",\"camera\":\"\",\"caption\":\"\",\"created_timestamp\":\"0\",\"copyright\":\"\",\"focal_length\":\"0\",\"iso\":\"0\",\"shutter_speed\":\"0\",\"title\":\"\",\"orientation\":\"0\"}\" data-image-title=\"Samuel-Etoo1-472\u00d7287\" data-image-description=\"\" data-medium-file=\"https:\/\/i2.wp.com\/ecomatin.net\/wp-content\/uploads\/2019\/05\/ecomatin.net-droits-dimage-orange-condamne-a-verser-650-millions-de-fcfa-a-samuel-etoo-samuel-etoo1-472x287.jpg?fit=300%2C182&#038;ssl=1\" data-large-file=\"https:\/\/i2.wp.com\/ecomatin.net\/wp-content\/uploads\/2019\/05\/ecomatin.net-droits-dimage-orange-condamne-a-verser-650-millions-de-fcfa-a-samuel-etoo-samuel-etoo1-472x287.jpg?fit=472%2C287&#038;ssl=1\" data-lazy-srcset=\"https:\/\/i2.wp.com\/ecomatin.net\/wp-content\/uploads\/2019\/05\/ecomatin.net-droits-dimage-orange-condamne-a-verser-650-millions-de-fcfa-a-samuel-etoo-samuel-etoo1-472x287.jpg?resize=472%2C287&#038;ssl=1 472w, https:\/\/i2.wp.com\/ecomatin.net\/wp-content\/uploads\/2019\/05\/ecomatin.net-droits-dimage-orange-condamne-a-verser-650-millions-de-fcfa-a-samuel-etoo-samuel-etoo1-472x287.jpg?resize=300%2C182&#038;ssl=1 300w\" data-lazy-sizes=\"(max-width: 472px) 100vw, 472px\" srcset=\"data:image\/gif;base64,R0lGODlhAQABAIAAAAAAAP\/\/\/yH5BAEAAAAALAAAAAABAAEAAAIBRAA7\"\/><\/div>\n<div class=\"entry-content entry clearfix\" readability=\"53\">\n<p>Le match opposant <strong>Samuel Eto\u2019o Fils<\/strong> \u00e0 <strong>Orange Cameroun<\/strong> s\u2019est jou\u00e9, il y a quelque jour, au Tribunal de grande instance de Bonanjo \u00e0 Douala. Au c\u0153ur de ce conflit, le droit d\u2019image de l\u2019international camerounais utilis\u00e9 sans son accord par l\u2019entreprise fran\u00e7aise des t\u00e9l\u00e9communications. Au tribunal, il a r\u00e9ussi \u00e0 dribbler Orange \u00e9tant donn\u00e9 que les juges ont reconnu coupable l\u2019op\u00e9rateur de t\u00e9l\u00e9phonie mobile d\u2019avoir exploit\u00e9 ill\u00e9galement et sans contrepartie l\u2019image du meilleur buteur de l\u2019histoire des Lions indomptables.<br \/>Ce dernier avait donc intent\u00e9 une action en justice et, apr\u00e8s d\u00e9bats contradictoires des conseils des diff\u00e9rentes parties, le verdict est tomb\u00e9 et la note est sal\u00e9e pour Orange Cameroun. L\u2019op\u00e9rateur de t\u00e9l\u00e9phonie mobile soit vers\u00e9 \u00e0 Samuel Eto\u2019o Fils <strong>650 millions FCFA.<\/strong><\/p>\n<p>Une note qui aurait m\u00eame pu virer \u00e0 l\u2019amer si le tribunal avait suivi les r\u00e9quisitions de l\u2019avocat du goleador camerounais qui en demandait visiblement un peu plus. S\u2019il ne fait quasiment aucun doute que Orange Cameroun fera appel du verdict, il faut dire que dans des affaires similaires qui vont en appel, le montant des dommages et int\u00e9r\u00eats peut \u00eatre soit confirm\u00e9, soit revu \u00e0 la baisse mais aussi augment\u00e9. On attend donc de conna\u00eetre prochainement le d\u00e9nouement d\u00e9finitif de cette affaire de gros sous.<br \/>Par ailleurs, il est important de rappeler que ce proc\u00e8s s\u2019est d\u00e9roul\u00e9 dans un contexte o\u00f9 les relations entre Eto\u2019o et Orange Cameroun se sont longtemps abim\u00e9es. Le quadruple ballon d\u2019or africain et l\u2019op\u00e9rateur fran\u00e7ais ont rompu leur contrat de partenariat entre 2009 et 2014. Des d\u00e9boires entre <strong>Eto\u2019o Telecom<\/strong>, l\u2019op\u00e9rateur de r\u00e9seau mobile virtuel (MVNO) lanc\u00e9 par le footballeur en 2012 l\u2019ancien capitaine de la s\u00e9lection nationale en association avec la filiale camerounaise du groupe t\u00e9l\u00e9coms fran\u00e7ais ont eu lieu concernant la gestion de l\u2019actionnariat de l\u2019entreprise. N\u2019\u00e9tant pas parvenu \u00e0 un accord favorable , les deux parties se sont s\u00e9par\u00e9es. <strong>MTN Cameroun<\/strong> a d\u2019ailleurs profit\u00e9 de ce divorce entre Orange et le footballeur star du Cameroun, pour officialiser son partenariat avec le footballeur sous le slogan \u00ab <em>Eto\u2019o peut<\/em> \u00bb tout faire.<\/p>\n<div class=\"about-author about-author-box container-wrapper\">\n<div class=\"author-avatar\">\n<p><img decoding=\"async\" src=\"http:\/\/\" alt=\"\"\/><\/p>\n<\/div>\n<p><h4>La R\u00e9daction EcoMatin<\/h4>\n<\/p>\n<\/div>\n<div class=\"awac-wrapper awac widget blog_subscription-2\">\n<h4 class=\"widget-title\">Abonnez-vous \u00e0 notre lettre d&rsquo;information<\/h4>\n<\/div>\n<\/div>\n<div class=\"toggle-post-content clearfix\"><a id=\"toggle-post-button\" class=\"button\" href=\"#\">Afficher plus <\/a><\/div>\n<p>Auteur: EcoMatin<br \/>\n<a href=\"https:\/\/ecomatin.net\/droits-dimage-orange-condamne-a-verser-650-millions-de-fcfa-a-samuel-etoo\/\">Cliquez ici pour lire l&rsquo;article depuis sa source.<\/a><\/p>\n","protected":false},"excerpt":{"rendered":"<p>Le match opposant Samuel Eto\u2019o Fils \u00e0 Orange Cameroun s\u2019est jou\u00e9, il y a quelque jour, au Tribunal de grande instance de Bonanjo \u00e0 Douala. Au c\u0153ur de ce conflit, le droit d\u2019image de l\u2019international camerounais utilis\u00e9 sans son accord par l\u2019entreprise fran\u00e7aise des t\u00e9l\u00e9communications. Au tribunal, il a r\u00e9ussi \u00e0 dribbler Orange \u00e9tant donn\u00e9 [&hellip;]<\/p>\n","protected":false},"author":1969,"featured_media":0,"comment_status":"closed","ping_status":"closed","sticky":false,"template":"","format":"standard","meta":{"fifu_image_url":"","fifu_image_alt":"","footnotes":""},"categories":[82,78],"tags":[],"class_list":["post-35628","post","type-post","status-publish","format-standard","hentry","category-cameroun","category-economie"],"_links":{"self":[{"href":"https:\/\/linitiative.ca\/International\/wp-json\/wp\/v2\/posts\/35628","targetHints":{"allow":["GET"]}}],"collection":[{"href":"https:\/\/linitiative.ca\/International\/wp-json\/wp\/v2\/posts"}],"about":[{"href":"https:\/\/linitiative.ca\/International\/wp-json\/wp\/v2\/types\/post"}],"author":[{"embeddable":true,"href":"https:\/\/linitiative.ca\/International\/wp-json\/wp\/v2\/users\/1969"}],"replies":[{"embeddable":true,"href":"https:\/\/linitiative.ca\/International\/wp-json\/wp\/v2\/comments?post=35628"}],"version-history":[{"count":0,"href":"https:\/\/linitiative.ca\/International\/wp-json\/wp\/v2\/posts\/35628\/revisions"}],"wp:attachment":[{"href":"https:\/\/linitiative.ca\/International\/wp-json\/wp\/v2\/media?parent=35628"}],"wp:term":[{"taxonomy":"category","embeddable":true,"href":"https:\/\/linitiative.ca\/International\/wp-json\/wp\/v2\/categories?post=35628"},{"taxonomy":"post_tag","embeddable":true,"href":"https:\/\/linitiative.ca\/International\/wp-json\/wp\/v2\/tags?post=35628"}],"curies":[{"name":"wp","href":"https:\/\/api.w.org\/{rel}","templated":true}]}}