{"id":35634,"date":"2019-05-21T09:18:09","date_gmt":"2019-05-21T13:18:09","guid":{"rendered":"https:\/\/linitiative.ca\/International\/mauritanie-lopposition-accuse-le-pouvoir-de-detourner-le-processus-electoral\/"},"modified":"2019-05-21T09:18:09","modified_gmt":"2019-05-21T13:18:09","slug":"mauritanie-lopposition-accuse-le-pouvoir-de-detourner-le-processus-electoral","status":"publish","type":"post","link":"https:\/\/linitiative.ca\/International\/mauritanie-lopposition-accuse-le-pouvoir-de-detourner-le-processus-electoral\/","title":{"rendered":"Mauritanie : l\u2019opposition accuse le pouvoir de d\u00e9tourner le processus \u00e9lectoral"},"content":{"rendered":"<div readability=\"32\">\n<p>Publi\u00e9 le 21.05.2019 \u00e0 14h18 par APA News<\/p>\n<\/div>\n<div readability=\"63\">\n<p>L\u2019Alliance \u00e9lectorale de l\u2019opposition d\u00e9mocratique en Mauritanie (AEOD) qui regroupe quatre des six candidats \u00e0 l\u2019\u00e9lection pr\u00e9sidentielle du 22 juin prochain, a accus\u00e9 le r\u00e9gime en place de \u00ab continuer de d\u00e9tourner syst\u00e9matiquement le processus \u00e9lectoral \u00bb.Le r\u00e9gime, souligne l\u2019AEOD dans un communiqu\u00e9 publi\u00e9 mardi \u00e0 Soir \u00e0 Nouakchott, \u00ab continue \u00e0 orienter ce processus en vue de r\u00e9aliser son agenda de reproduction de son syst\u00e8me \u00bb.<\/p>\n<p>Enum\u00e9rant un certain nombre de mesures aptes \u00e0 entacher la neutralit\u00e9 et l\u2019impartialit\u00e9 du pouvoir, \u00a0l\u2019AEOD pointe du doigt \u00ab les nominations \u00e0 des postes d\u2019\u00c9tat \u00e0 des fins \u00e9lectorales\u00bb ainsi que les \u00ab march\u00e9s publics, les diff\u00e9rentes licences et les services publics \u00bb accord\u00e9s en fonction de l\u2019appartenance politique et non du m\u00e9rite.<\/p>\n<p>En outre, l\u2019AEOD rappelle que ses anciennes dol\u00e9ances \u00ab rest\u00e9es totalement ou partiellement insatisfaites \u00bb comme la restructuration de la commission \u00e9lectorale, la r\u00e9vision et la v\u00e9rification de la liste \u00e9lectorale pendant une p\u00e9riode suffisante d\u2019au moins deux mois.<\/p>\n<p>Les dol\u00e9ances d\u00e9j\u00e0 formul\u00e9es portent aussi sur l\u2019invitation des observateurs internationaux pour superviser les \u00e9lections et l\u2019ouverture des m\u00e9dias publics \u00e0 toutes les parties.<\/p>\n<p>L\u2019opposition, conclut le communiqu\u00e9, tient \u00ab le r\u00e9gime pleinement responsable des cons\u00e9quences de l\u2019organisation d\u2019\u00e9lections non consensuelles et sans fournir les conditions minimales de libert\u00e9, de transparence, d\u2019int\u00e9grit\u00e9 et de tout ce qui peut en d\u00e9couler et ses cons\u00e9quences \u00bb.<\/p>\n<\/div>\n<p>Auteur: APA News<br \/>\n<a href=\"https:\/\/www.journalducameroun.com\/fr\/mauritanie-lopposition-accuse-le-pouvoir-de-detourner-le-processus-electoral\/\">Cliquez ici pour lire l&rsquo;article depuis sa source.<\/a><\/p>\n","protected":false},"excerpt":{"rendered":"<p>Publi\u00e9 le 21.05.2019 \u00e0 14h18 par APA News L\u2019Alliance \u00e9lectorale de l\u2019opposition d\u00e9mocratique en Mauritanie (AEOD) qui regroupe quatre des six candidats \u00e0 l\u2019\u00e9lection pr\u00e9sidentielle du 22 juin prochain, a accus\u00e9 le r\u00e9gime en place de \u00ab continuer de d\u00e9tourner syst\u00e9matiquement le processus \u00e9lectoral \u00bb.Le r\u00e9gime, souligne l\u2019AEOD dans un communiqu\u00e9 publi\u00e9 mardi \u00e0 Soir [&hellip;]<\/p>\n","protected":false},"author":1965,"featured_media":0,"comment_status":"closed","ping_status":"closed","sticky":false,"template":"","format":"standard","meta":{"fifu_image_url":"","fifu_image_alt":"","footnotes":""},"categories":[73,82],"tags":[],"class_list":["post-35634","post","type-post","status-publish","format-standard","hentry","category-actualite","category-cameroun"],"_links":{"self":[{"href":"https:\/\/linitiative.ca\/International\/wp-json\/wp\/v2\/posts\/35634","targetHints":{"allow":["GET"]}}],"collection":[{"href":"https:\/\/linitiative.ca\/International\/wp-json\/wp\/v2\/posts"}],"about":[{"href":"https:\/\/linitiative.ca\/International\/wp-json\/wp\/v2\/types\/post"}],"author":[{"embeddable":true,"href":"https:\/\/linitiative.ca\/International\/wp-json\/wp\/v2\/users\/1965"}],"replies":[{"embeddable":true,"href":"https:\/\/linitiative.ca\/International\/wp-json\/wp\/v2\/comments?post=35634"}],"version-history":[{"count":0,"href":"https:\/\/linitiative.ca\/International\/wp-json\/wp\/v2\/posts\/35634\/revisions"}],"wp:attachment":[{"href":"https:\/\/linitiative.ca\/International\/wp-json\/wp\/v2\/media?parent=35634"}],"wp:term":[{"taxonomy":"category","embeddable":true,"href":"https:\/\/linitiative.ca\/International\/wp-json\/wp\/v2\/categories?post=35634"},{"taxonomy":"post_tag","embeddable":true,"href":"https:\/\/linitiative.ca\/International\/wp-json\/wp\/v2\/tags?post=35634"}],"curies":[{"name":"wp","href":"https:\/\/api.w.org\/{rel}","templated":true}]}}