{"id":35642,"date":"2019-05-21T09:50:01","date_gmt":"2019-05-21T13:50:01","guid":{"rendered":"https:\/\/linitiative.ca\/International\/la-conference-sur-le-plan-de-paix-a-pour-seul-objectif-daider-les-palestiniens-bahrein\/"},"modified":"2019-05-21T09:50:01","modified_gmt":"2019-05-21T13:50:01","slug":"la-conference-sur-le-plan-de-paix-a-pour-seul-objectif-daider-les-palestiniens-bahrein","status":"publish","type":"post","link":"https:\/\/linitiative.ca\/International\/la-conference-sur-le-plan-de-paix-a-pour-seul-objectif-daider-les-palestiniens-bahrein\/","title":{"rendered":"La conf\u00e9rence sur le plan de paix a pour seul objectif d\u2019aider les Palestiniens (Bahre\u00efn)"},"content":{"rendered":"<div readability=\"32\">\n<p>Publi\u00e9 le 21.05.2019 \u00e0 14h50 par AFP<\/p>\n<\/div>\n<div readability=\"85\">\n<p>Bahre\u00efn a assur\u00e9 mardi que la conf\u00e9rence sur le plan de paix am\u00e9ricain qui doit se tenir le mois prochain dans le royaume n\u2019avait \u00ab\u00a0pas d\u2019autre objectif\u00a0\u00bb que d\u2019aider les Palestiniens, apr\u00e8s que ceux-ci eurent d\u00e9clar\u00e9 ne pas avoir \u00e9t\u00e9 consult\u00e9s.<\/p>\n<p>Intitul\u00e9e \u00ab\u00a0De la paix \u00e0 la prosp\u00e9rit\u00e9\u00a0\u00bb, la conf\u00e9rence \u00ab\u00a0n\u2019a pas d\u2019autre objectif\u00a0\u00bb que d\u2019aider le peuple palestinien \u00e0 \u00ab\u00a0d\u00e9velopper ses capacit\u00e9s et \u00e0 accro\u00eetre ses ressources\u00a0\u00bb, a assur\u00e9 le chef de la diplomatie bahre\u00efnie, Khaled ben Ahmed Al-Khalifa.<\/p>\n<p>Le royaume de Bahre\u00efn \u00ab\u00a0continue de soutenir le peuple fr\u00e8re de Palestine concernant la restauration de ses droits l\u00e9gitimes sur son sol et la cr\u00e9ation d\u2019un Etat ind\u00e9pendant avec J\u00e9rusalem-Est pour capitale\u00a0\u00bb, a-t-il affirm\u00e9 dans un communiqu\u00e9.<\/p>\n<p>La Maison Blanche a annonc\u00e9 dimanche qu\u2019elle co-organiserait avec Manama une conf\u00e9rence les 25 et 26 juin sur les aspects \u00e9conomiques du tr\u00e8s attendu plan de paix am\u00e9ricain.<\/p>\n<p>\u00ab\u00a0Nous n\u2019avons \u00e9t\u00e9 inform\u00e9s par aucune partie de la r\u00e9union annonc\u00e9e \u00e0 Bahre\u00efn\u00a0\u00bb, a r\u00e9agi lundi Sa\u00ebb Erakat, secr\u00e9taire g\u00e9n\u00e9ral de l\u2019Organisation de lib\u00e9ration de la Palestine (OLP).<\/p>\n<p>\u00ab\u00a0Nous n\u2019avons mandat\u00e9 aucune partie pour n\u00e9gocier en notre nom\u00a0\u00bb, a-t-il ajout\u00e9.<\/p>\n<p>Les Palestiniens boycottent l\u2019administration am\u00e9ricaine depuis que le pr\u00e9sident Donald Trump a rompu avec des d\u00e9cennies de consensus en reconnaissant J\u00e9rusalem comme capitale d\u2019Isra\u00ebl en d\u00e9cembre 2017.<\/p>\n<p>Ils consid\u00e8rent la partie orientale de la ville comme la capitale de l\u2019\u00c9tat auquel ils aspirent.<\/p>\n<p>Intitul\u00e9e \u00ab\u00a0De la paix \u00e0 la prosp\u00e9rit\u00e9\u00a0\u00bb, la conf\u00e9rence doit r\u00e9unir des dirigeants de plusieurs gouvernements, de la soci\u00e9t\u00e9 civile et du monde des affaires.<\/p>\n<p>Il s\u2019agit d\u2019une \u00ab\u00a0opportunit\u00e9 charni\u00e8re\u00a0\u00bb pour \u00ab\u00a0partager des id\u00e9es, \u00e9voquer des strat\u00e9gies et encourager le soutien \u00e0 des investissements et initiatives \u00e9conomiques potentiels qui pourraient \u00eatre rendus possibles par un accord de paix\u00a0\u00bb, a estim\u00e9 dimanche la pr\u00e9sidence am\u00e9ricaine dans un communiqu\u00e9 commun avec Bahre\u00efn.<\/p>\n<p>Les Palestiniens y voient une contrepartie financi\u00e8re en \u00e9change de l\u2019acceptation de l\u2019occupation isra\u00e9lienne.<\/p>\n<p>\u00ab\u00a0Les tentatives visant \u00e0 promouvoir une normalisation \u00e9conomique de l\u2019occupation isra\u00e9lienne de la Palestine seront rejet\u00e9es\u00a0\u00bb, a pr\u00e9venu M. Erakat.<\/p>\n<\/div>\n<p>Auteur: AFP<br \/>\n<a href=\"https:\/\/www.journalducameroun.com\/fr\/la-conference-sur-le-plan-de-paix-a-pour-seul-objectif-daider-les-palestiniens-bahrein\/\">Cliquez ici pour lire l&rsquo;article depuis sa source.<\/a><\/p>\n","protected":false},"excerpt":{"rendered":"<p>Publi\u00e9 le 21.05.2019 \u00e0 14h50 par AFP Bahre\u00efn a assur\u00e9 mardi que la conf\u00e9rence sur le plan de paix am\u00e9ricain qui doit se tenir le mois prochain dans le royaume n\u2019avait \u00ab\u00a0pas d\u2019autre objectif\u00a0\u00bb que d\u2019aider les Palestiniens, apr\u00e8s que ceux-ci eurent d\u00e9clar\u00e9 ne pas avoir \u00e9t\u00e9 consult\u00e9s. Intitul\u00e9e \u00ab\u00a0De la paix \u00e0 la prosp\u00e9rit\u00e9\u00a0\u00bb, [&hellip;]<\/p>\n","protected":false},"author":1965,"featured_media":0,"comment_status":"closed","ping_status":"closed","sticky":false,"template":"","format":"standard","meta":{"fifu_image_url":"","fifu_image_alt":"","footnotes":""},"categories":[73,82],"tags":[],"class_list":["post-35642","post","type-post","status-publish","format-standard","hentry","category-actualite","category-cameroun"],"_links":{"self":[{"href":"https:\/\/linitiative.ca\/International\/wp-json\/wp\/v2\/posts\/35642","targetHints":{"allow":["GET"]}}],"collection":[{"href":"https:\/\/linitiative.ca\/International\/wp-json\/wp\/v2\/posts"}],"about":[{"href":"https:\/\/linitiative.ca\/International\/wp-json\/wp\/v2\/types\/post"}],"author":[{"embeddable":true,"href":"https:\/\/linitiative.ca\/International\/wp-json\/wp\/v2\/users\/1965"}],"replies":[{"embeddable":true,"href":"https:\/\/linitiative.ca\/International\/wp-json\/wp\/v2\/comments?post=35642"}],"version-history":[{"count":0,"href":"https:\/\/linitiative.ca\/International\/wp-json\/wp\/v2\/posts\/35642\/revisions"}],"wp:attachment":[{"href":"https:\/\/linitiative.ca\/International\/wp-json\/wp\/v2\/media?parent=35642"}],"wp:term":[{"taxonomy":"category","embeddable":true,"href":"https:\/\/linitiative.ca\/International\/wp-json\/wp\/v2\/categories?post=35642"},{"taxonomy":"post_tag","embeddable":true,"href":"https:\/\/linitiative.ca\/International\/wp-json\/wp\/v2\/tags?post=35642"}],"curies":[{"name":"wp","href":"https:\/\/api.w.org\/{rel}","templated":true}]}}