{"id":35643,"date":"2019-05-21T07:53:44","date_gmt":"2019-05-21T11:53:44","guid":{"rendered":"https:\/\/linitiative.ca\/International\/artcomsup-integre-la-world-design-organization\/"},"modified":"2019-05-21T07:53:44","modified_gmt":"2019-05-21T11:53:44","slug":"artcomsup-integre-la-world-design-organization","status":"publish","type":"post","link":"https:\/\/linitiative.ca\/International\/artcomsup-integre-la-world-design-organization\/","title":{"rendered":"Artcom\u2019Sup int\u00e8gre la World Design Organization"},"content":{"rendered":"<header>\n<\/header>\n<div class=\"entry-content clearfix\" readability=\"53\"><img decoding=\"async\" class=\"post_layout_5_img\" src=\"http:\/\/aujourdhui.ma\/wp-content\/uploads\/2019\/05\/Hicham-Lahlou-Artcom%E2%80%99Sup.jpg?x29840\" alt=\"Artcom\u2019Sup int\u00e8gre la World Design Organization\"\/><\/p>\n<p class=\"p1\"><span class=\"s1\"><span class=\"c4\"><strong>Artcom\u2019Sup, premi\u00e8re \u00e9cole sp\u00e9cialis\u00e9e en design au Maroc, a annonc\u00e9 lors d\u2019une conf\u00e9rence organis\u00e9e r\u00e9cemment dans ses locaux que l\u2019\u00e9cole fera d\u00e9sormais partie de la World Design Organization (WDO), organisation non-gouvernementale qui \u0153uvre pour la promotion de la profession du design industriel dans le monde.<\/strong><\/span><\/span><span id=\"more-311591\"\/><\/p>\n<p class=\"p1\"><span class=\"s1\">Cette conf\u00e9rence s\u2019est tenue en pr\u00e9sence de Hicham Lahlou, figure embl\u00e9matique du design nouvelle g\u00e9n\u00e9ration, qui a rencontr\u00e9 les \u00e9tudiants de la fili\u00e8re Architecture d\u2019int\u00e9rieur afin de leur exposer son engagement pour le design en Afrique.<\/span><\/p>\n<p class=\"p1\"><span class=\"s1\">Cet \u00e9v\u00e9nement a aussi \u00e9t\u00e9 l\u2019occasion d\u2019\u00e9changer sur l\u2019importance de s\u2019orienter vers la cr\u00e9ation tout en mettant en avant l\u2019identit\u00e9 marocaine sur le continent africain. La rencontre a \u00e9galement permis \u00e0 M. Lahlou de parler de son parcours pour encourager les futurs designers \u00e0 se projeter dans le m\u00e9tier au Maroc. Suite \u00e0 cette adh\u00e9sion, premi\u00e8re du genre au Maroc, Artcom\u2019Sup souhaite mettre en avant d\u2019autres \u00e9coles, ainsi que les professionnels du design, afin qu\u2019ils puissent \u00e9galement int\u00e9grer la WDO.<\/span><\/p>\n<\/div>\n<p>Auteur: ALM<br \/>\n<a href=\"http:\/\/aujourdhui.ma\/emploi\/formation\/artcomsup-integre-la-world-design-organization\">Cliquez ici pour lire l&rsquo;article depuis sa source.<\/a><\/p>\n","protected":false},"excerpt":{"rendered":"<p>Artcom\u2019Sup, premi\u00e8re \u00e9cole sp\u00e9cialis\u00e9e en design au Maroc, a annonc\u00e9 lors d\u2019une conf\u00e9rence organis\u00e9e r\u00e9cemment dans ses locaux que l\u2019\u00e9cole fera d\u00e9sormais partie de la World Design Organization (WDO), organisation non-gouvernementale qui \u0153uvre pour la promotion de la profession du design industriel dans le monde. Cette conf\u00e9rence s\u2019est tenue en pr\u00e9sence de Hicham Lahlou, figure [&hellip;]<\/p>\n","protected":false},"author":1759,"featured_media":0,"comment_status":"closed","ping_status":"closed","sticky":false,"template":"","format":"standard","meta":{"fifu_image_url":"","fifu_image_alt":"","footnotes":""},"categories":[73,54],"tags":[],"class_list":["post-35643","post","type-post","status-publish","format-standard","hentry","category-actualite","category-maroc"],"_links":{"self":[{"href":"https:\/\/linitiative.ca\/International\/wp-json\/wp\/v2\/posts\/35643","targetHints":{"allow":["GET"]}}],"collection":[{"href":"https:\/\/linitiative.ca\/International\/wp-json\/wp\/v2\/posts"}],"about":[{"href":"https:\/\/linitiative.ca\/International\/wp-json\/wp\/v2\/types\/post"}],"author":[{"embeddable":true,"href":"https:\/\/linitiative.ca\/International\/wp-json\/wp\/v2\/users\/1759"}],"replies":[{"embeddable":true,"href":"https:\/\/linitiative.ca\/International\/wp-json\/wp\/v2\/comments?post=35643"}],"version-history":[{"count":0,"href":"https:\/\/linitiative.ca\/International\/wp-json\/wp\/v2\/posts\/35643\/revisions"}],"wp:attachment":[{"href":"https:\/\/linitiative.ca\/International\/wp-json\/wp\/v2\/media?parent=35643"}],"wp:term":[{"taxonomy":"category","embeddable":true,"href":"https:\/\/linitiative.ca\/International\/wp-json\/wp\/v2\/categories?post=35643"},{"taxonomy":"post_tag","embeddable":true,"href":"https:\/\/linitiative.ca\/International\/wp-json\/wp\/v2\/tags?post=35643"}],"curies":[{"name":"wp","href":"https:\/\/api.w.org\/{rel}","templated":true}]}}