{"id":35646,"date":"2019-05-21T06:16:34","date_gmt":"2019-05-21T10:16:34","guid":{"rendered":"https:\/\/linitiative.ca\/International\/deux-salaries-licencies-pour-avoir-refuse-de-travailler-le-dimanche\/"},"modified":"2019-05-21T06:16:34","modified_gmt":"2019-05-21T10:16:34","slug":"deux-salaries-licencies-pour-avoir-refuse-de-travailler-le-dimanche","status":"publish","type":"post","link":"https:\/\/linitiative.ca\/International\/deux-salaries-licencies-pour-avoir-refuse-de-travailler-le-dimanche\/","title":{"rendered":"Deux salari\u00e9s licenci\u00e9s pour avoir refus\u00e9 de travailler le dimanche"},"content":{"rendered":"<p>Le Groupe Poulina serait actuellement en discussion avanc\u00e9e pour le rachat de l\u2019Universit\u00e9 Esprit. Si la transaction se concr\u00e9tise c\u2019est une bonne nouvelle pour la Tunisie dans la mesure o\u00f9 ce fleuron de l\u2019Enseignement Sup\u00e9rieur priv\u00e9 restera d\u00e9tenu par des capitaux tunisiens. Il\u00a0y\u00a0a cependant lieu de pr\u00e9ciser que le l\u2019actionnariat de la holding PGH est d\u00e9tenu \u00e0 35% par le fonds d\u2019investissement Actis.\u00a0\u00a0<\/p>\n<p>Le fonds britanique qui contr\u00f4le le Groupe Tunisien Universit\u00e9 Centrale est tr\u00e8s actif dans le domaine de l\u2019\u00e9ducation.\u00a0 Rappelons que le Groupe Esprit a \u00e9tait valoris\u00e9 par ses propri\u00e9taires, dont Africinvest, \u00e0 80 millions d\u2019euros. Les n\u00e9gociations en cours sont pilot\u00e9es par la banque d\u2019affaires Rothschild\u00a0<\/p>\n<p class=\"dpsp-share-text\">Partager c&rsquo;est aimer!<\/p>\n<div class=\"wp-post-author-wrap wp-post-author-shortcode left\">\n<h3 class=\"awpa-title\"\/>\n<div class=\"wp-post-author\">\n<div class=\"awpa-img awpa-author-block square\"><a href=\"http:\/\/lexpertjournal.net\/fr\/author\/expert\/\"><img loading=\"lazy\" decoding=\"async\" alt=\"\" src=\"http:\/\/2.gravatar.com\/avatar\/56d99be2a6f97af88ccb49fada637fcd?s=150&#038;d=mm&#038;r=g\" srcset=\"http:\/\/2.gravatar.com\/avatar\/56d99be2a6f97af88ccb49fada637fcd?s=300&#038;d=mm&#038;r=g 2x\" class=\"avatar avatar-150 photo\" height=\"150\" width=\"150\"\/><\/a><\/div>\n<\/div>\n<\/div>\n<p>Auteur: L&rsquo;expert<br \/>\n<a href=\"http:\/\/lexpertjournal.net\/fr\/2019\/05\/21\/deux-salaries-licencies-pour-avoir-refuse-de-travailler-le-dimanche\/\">Cliquez ici pour lire l&rsquo;article depuis sa source.<\/a><\/p>\n","protected":false},"excerpt":{"rendered":"<p>Le Groupe Poulina serait actuellement en discussion avanc\u00e9e pour le rachat de l\u2019Universit\u00e9 Esprit. Si la transaction se concr\u00e9tise c\u2019est une bonne nouvelle pour la Tunisie dans la mesure o\u00f9 ce fleuron de l\u2019Enseignement Sup\u00e9rieur priv\u00e9 restera d\u00e9tenu par des capitaux tunisiens. Il\u00a0y\u00a0a cependant lieu de pr\u00e9ciser que le l\u2019actionnariat de la holding PGH est [&hellip;]<\/p>\n","protected":false},"author":1775,"featured_media":0,"comment_status":"closed","ping_status":"closed","sticky":false,"template":"","format":"standard","meta":{"fifu_image_url":"","fifu_image_alt":"","footnotes":""},"categories":[78,55],"tags":[],"class_list":["post-35646","post","type-post","status-publish","format-standard","hentry","category-economie","category-tunisie"],"_links":{"self":[{"href":"https:\/\/linitiative.ca\/International\/wp-json\/wp\/v2\/posts\/35646","targetHints":{"allow":["GET"]}}],"collection":[{"href":"https:\/\/linitiative.ca\/International\/wp-json\/wp\/v2\/posts"}],"about":[{"href":"https:\/\/linitiative.ca\/International\/wp-json\/wp\/v2\/types\/post"}],"author":[{"embeddable":true,"href":"https:\/\/linitiative.ca\/International\/wp-json\/wp\/v2\/users\/1775"}],"replies":[{"embeddable":true,"href":"https:\/\/linitiative.ca\/International\/wp-json\/wp\/v2\/comments?post=35646"}],"version-history":[{"count":0,"href":"https:\/\/linitiative.ca\/International\/wp-json\/wp\/v2\/posts\/35646\/revisions"}],"wp:attachment":[{"href":"https:\/\/linitiative.ca\/International\/wp-json\/wp\/v2\/media?parent=35646"}],"wp:term":[{"taxonomy":"category","embeddable":true,"href":"https:\/\/linitiative.ca\/International\/wp-json\/wp\/v2\/categories?post=35646"},{"taxonomy":"post_tag","embeddable":true,"href":"https:\/\/linitiative.ca\/International\/wp-json\/wp\/v2\/tags?post=35646"}],"curies":[{"name":"wp","href":"https:\/\/api.w.org\/{rel}","templated":true}]}}