{"id":35650,"date":"2019-05-21T08:05:27","date_gmt":"2019-05-21T12:05:27","guid":{"rendered":"https:\/\/linitiative.ca\/International\/innovation-technologies-plus-de-124-000-visiteurs-a-la-4eme-edition-de-viva-technology\/"},"modified":"2019-05-21T08:05:27","modified_gmt":"2019-05-21T12:05:27","slug":"innovation-technologies-plus-de-124-000-visiteurs-a-la-4eme-edition-de-viva-technology","status":"publish","type":"post","link":"https:\/\/linitiative.ca\/International\/innovation-technologies-plus-de-124-000-visiteurs-a-la-4eme-edition-de-viva-technology\/","title":{"rendered":"<div>Innovation &#038; Technologies : Plus de 124.000 visiteurs \u00e0 la 4\u00e8me \u00e9dition de Viva Technology !<\/div>"},"content":{"rendered":"<p><img decoding=\"async\" class=\"post_layout_5_img\" src=\"http:\/\/aujourdhui.ma\/wp-content\/uploads\/2019\/05\/Salon-Viva-Technology-Innovation-et-Technologies.jpg?x29840\" alt=\"Innovation &#038; Technologies : Plus de 124.000 visiteurs \u00e0 la 4\u00e8me \u00e9dition de Viva Technology !\"\/><\/p>\n<p class=\"p1\"><span class=\"c4\"><strong><span class=\"s1\">Les d\u00e9bats ont tous converg\u00e9 vers les grandes tendances qui contribuent \u00e0 fa\u00e7onner le monde de demain telles que l\u2019Intelligence artificielle, la 5G, la blockchain, le Quantum Computing, la sant\u00e9 connect\u00e9e, la nouvelle course \u00e0 l\u2019espace, la mobilit\u00e9, l\u2019environnement\u2026<\/span><\/strong><\/span><span id=\"more-311570\"\/><\/p>\n<div class=\"base-box mom_box_sc_custom mom_box_sc clear c5\" readability=\"12\">\n<p class=\"p1\"><strong><em>Avec une affluence de plus de 124.000 visiteurs venus du monde entier, 125 nationalit\u00e9s repr\u00e9sent\u00e9es et plus de 13.000 start-up, la 4\u00e8me \u00e9dition du Salon Viva Technology aura confirm\u00e9 sa place. Une mani\u00e8re d\u2019assurer un \u00e9cosyst\u00e8me aussi grand que possible dans le domaine du digital pour toutes les parties prenantes. Retour sur les faits marquants de l\u2019\u00e9v\u00e9nement.<\/em><\/strong><\/p>\n<\/div>\n<p class=\"p1\">La pr\u00e9sence \u00e0 l\u2019ouverture du pr\u00e9sident fran\u00e7ais Emmanuel Macron et de celle du Premier ministre\u00a0canadien Justin Trudeau aura marqu\u00e9 la 4\u00e8me \u00e9dition du Salon Viva Technology\u2026. Le plus de cette ann\u00e9e est le second hall et l\u2019utilisation du D\u00f4me de Paris comme sc\u00e8ne principale, ce qui a permis d\u2019augmenter les surfaces d\u2019exposition et de laisser les visiteurs en admiration face \u00e0 autant d\u2019innovation expos\u00e9e et de professionnels de renom.<span class=\"Apple-converted-space\">\u00a0<\/span> <em>\u00abViva Technology a relev\u00e9<span class=\"Apple-converted-space\">\u00a0<\/span> le d\u00e9fi de faire encore mieux que l\u2019ann\u00e9e pr\u00e9c\u00e9dente. L\u2019\u00e9v\u00e9nement a accueill, en effet, plus de 124.000 visiteurs pendant les 3 jours du Salon (ndlr : deux journ\u00e9es r\u00e9serv\u00e9es aux professionnels et une journ\u00e9e ouverte au grand public), soit une hausse de fr\u00e9quentation de 24%\u00bb,<\/em> confirment, \u00e0 juste titre, les organisateurs. L\u2019\u00e9v\u00e9nement d\u00e9di\u00e9 \u00e0 l\u2019innovation aura drain\u00e9, \u00e9galement,<span class=\"Apple-converted-space\">\u00a0<\/span> 3.300 investisseurs et des milliers de dirigeants. 2.500 journalistes venus du monde entier ont pu relayer les informations et cr\u00e9er le buzz en continu.<\/p>\n<p class=\"p1\">Toute la logistique a \u00e9galement \u00e9t\u00e9 assur\u00e9e pour organiser plus de 150 conf\u00e9rences au cours desquelles les speakers ont pu pr\u00e9senter les derni\u00e8res solutions Data et rappeler les exploits du digital.<\/p>\n<p class=\"p1\">Les plus grands acteurs mondiaux de l\u2019innovation \u00e9taient pr\u00e9sents pour ne citer que Google, Facebook, Apple, Soci\u00e9t\u00e9 G\u00e9n\u00e9rale, BNP Paribas, SFR, Thales, Cisco, SAP, Sanofi, EDF, Dell, Samsung, Renault, Atos, TF1, Accor H\u00f4tels, AFD, Kantar \u2026 Plus de 450 entrepreneurs, investisseurs et chercheurs ont pu ainsi \u00e9changer autour de l\u2019impact du digital sur l\u2019\u00e9conomie et la soci\u00e9t\u00e9.<\/p>\n<p class=\"p1\">Les d\u00e9bats ont tous converg\u00e9 vers les grandes tendances qui contribuent \u00e0 fa\u00e7onner le monde de demain telles que l\u2019intelligence artificielle, la 5G, la blockchain, le Quantum Computing, la sant\u00e9 connect\u00e9e, la nouvelle course \u00e0 l\u2019espace, la mobilit\u00e9, l\u2019environnement\u2026 Les visiteurs ont m\u00eame eu la chance de tester eux-m\u00eames des solutions pour se rendre compte des changements imminents du monde et de la transformation des \u00e9cosyst\u00e8mes rendue possible par l\u2019univers du digital. Jouer avec un robot aux jeux d\u2019\u00e9checs est possible en passant dans les all\u00e9es \u2026 Les ing\u00e9nieurs porteurs de projets sont all\u00e9s au-del\u00e0 de la robotisation et ont cr\u00e9\u00e9 l\u2019\u00e9motion \u00e0 travers de telles solutions ! Les exemples sont nombreux et les visiteurs se sont \u00e9merveill\u00e9s sans se lasser.<\/p>\n<p class=\"p1\">La repr\u00e9sentation de 21 pays a engendr\u00e9 un pl\u00e9thore de l\u2019offre cr\u00e9ant un \u00e9cosyst\u00e8me de start-up et un engouement compte tenu des nouveaux entrants comme le Br\u00e9sil, la Chine (Shanghai et Nanjing), le Danemark, l\u2019Espagne ou le S\u00e9n\u00e9gal.<\/p>\n<p class=\"p1\">Le Maroc n\u2019est pas en reste puisque le stand d\u2019OCP est le premier exposant visible \u00e0 l\u2019entr\u00e9e du hall 1 ! L\u2019ADD (Agence du d\u00e9veloppement du digital) en charge de mettre en \u0153uvre la strat\u00e9gie de l\u2019Etat en mati\u00e8re de d\u00e9veloppement du digital et de promouvoir des outils num\u00e9riques \u00e9tait aussi pr\u00e9sente au rendez-vous. Avec plus de 160 start-up africaines, le continent<span class=\"Apple-converted-space\">\u00a0<\/span> a \u00e9t\u00e9 mis \u00e0 l\u2019honneur.<\/p>\n<p class=\"p1\">La d\u00e9claration globale du premier homme politique en direction de la presse marocaine confirme, en effet, la volont\u00e9 de cr\u00e9er des synergies dans le domaine entre les deux rives.<\/p>\n<p class=\"p1\">La question de la fuite des cerveaux des ing\u00e9nieurs r\u00e9seaux t\u00e9l\u00e9coms marocains a \u00e9galement \u00e9t\u00e9 soulev\u00e9e. Les lois de march\u00e9 du travail demeurant soumises \u00e0 une d\u00e9mocratie et au respect de la libert\u00e9 des<span class=\"Apple-converted-space\">\u00a0<\/span> individus. Mondialisation oblige!<\/p>\n<p>Auteur: Dounia Essabban<br \/>\n<a href=\"http:\/\/aujourdhui.ma\/high-tech\/innovation-technologies-plus-de-124-000-visiteurs-a-la-4eme-edition-de-viva-technology\">Cliquez ici pour lire l&rsquo;article depuis sa source.<\/a><\/p>\n","protected":false},"excerpt":{"rendered":"<p>Les d\u00e9bats ont tous converg\u00e9 vers les grandes tendances qui contribuent \u00e0 fa\u00e7onner le monde de demain telles que l\u2019Intelligence artificielle, la 5G, la blockchain, le Quantum Computing, la sant\u00e9 connect\u00e9e, la nouvelle course \u00e0 l\u2019espace, la mobilit\u00e9, l\u2019environnement\u2026 Avec une affluence de plus de 124.000 visiteurs venus du monde entier, 125 nationalit\u00e9s repr\u00e9sent\u00e9es et [&hellip;]<\/p>\n","protected":false},"author":1759,"featured_media":0,"comment_status":"closed","ping_status":"closed","sticky":false,"template":"","format":"standard","meta":{"fifu_image_url":"","fifu_image_alt":"","footnotes":""},"categories":[73,54],"tags":[],"class_list":["post-35650","post","type-post","status-publish","format-standard","hentry","category-actualite","category-maroc"],"_links":{"self":[{"href":"https:\/\/linitiative.ca\/International\/wp-json\/wp\/v2\/posts\/35650","targetHints":{"allow":["GET"]}}],"collection":[{"href":"https:\/\/linitiative.ca\/International\/wp-json\/wp\/v2\/posts"}],"about":[{"href":"https:\/\/linitiative.ca\/International\/wp-json\/wp\/v2\/types\/post"}],"author":[{"embeddable":true,"href":"https:\/\/linitiative.ca\/International\/wp-json\/wp\/v2\/users\/1759"}],"replies":[{"embeddable":true,"href":"https:\/\/linitiative.ca\/International\/wp-json\/wp\/v2\/comments?post=35650"}],"version-history":[{"count":0,"href":"https:\/\/linitiative.ca\/International\/wp-json\/wp\/v2\/posts\/35650\/revisions"}],"wp:attachment":[{"href":"https:\/\/linitiative.ca\/International\/wp-json\/wp\/v2\/media?parent=35650"}],"wp:term":[{"taxonomy":"category","embeddable":true,"href":"https:\/\/linitiative.ca\/International\/wp-json\/wp\/v2\/categories?post=35650"},{"taxonomy":"post_tag","embeddable":true,"href":"https:\/\/linitiative.ca\/International\/wp-json\/wp\/v2\/tags?post=35650"}],"curies":[{"name":"wp","href":"https:\/\/api.w.org\/{rel}","templated":true}]}}