{"id":35653,"date":"2019-05-21T07:23:22","date_gmt":"2019-05-21T11:23:22","guid":{"rendered":"https:\/\/linitiative.ca\/International\/mercato-un-international-libyen-proche-de-lest\/"},"modified":"2019-05-21T07:23:22","modified_gmt":"2019-05-21T11:23:22","slug":"mercato-un-international-libyen-proche-de-lest","status":"publish","type":"post","link":"https:\/\/linitiative.ca\/International\/mercato-un-international-libyen-proche-de-lest\/","title":{"rendered":"Mercato : Un international libyen proche de l\u2019EST"},"content":{"rendered":"<div class=\"nc_socialPanel swp_flatFresh swp_d_fullColor swp_i_fullColor swp_o_fullColor scale-100 scale-fullWidth\" data-position=\"none\" data-float=\"floatNone\" data-count=\"5\" data-floatcolor=\"#ffffff\" data-emphasize=\"0\">\n<div class=\"nc_tweetContainer totes totesalt\" data-id=\"6\"><span class=\"swp_count\"><span class=\"swp_label\">Partages<\/span> 0<\/span><\/div>\n<\/div>\n<p>L\u2019international libyen, El Moatassem Mosrati est arriv\u00e9 en Tunisie pour n\u00e9gocier avec l\u2019Esp\u00e9rance de Tunis en vue de le rejoindre\u00a0au Mercato d\u2019\u00e9t\u00e9.<\/p>\n<p>Selon certains \u00e9chos, le milieu de terrain du club portugais, Vit\u00f3ria Guimar\u00e3es (\u00e9quipe B) serait dans le collimateur de l\u2019Esp\u00e9rance Sportive de Tunis. Le joueur libyen devrait r\u00e9silier son contrat avec son \u00e9quipe pour signer en faveur des \u00ab\u00a0Sang et Or\u00a0\u00bb.<\/p>\n<div class=\"code-block code-block-1 c4\"><ins class=\"adsbygoogle c3\" data-ad-layout=\"in-article\" data-ad-format=\"fluid\" data-ad-client=\"ca-pub-2102118777505746\" data-ad-slot=\"7301775417\"\/> <\/div>\n<p>Il est \u00e0 noter que Mosrati (23 ans) a d\u00e9barqu\u00e9 en juillet 2017 au Vit\u00f3ria Guimar\u00e3es et a un grand potentiel, ce qui en fait un objectif majeur pour l\u2019\u00e9quipe de Bab Souika\u00a0au cours\u00a0du\u00a0mercato estival.<\/p>\n<div class=\"mvp-org-wrap mvp-org-logo\" itemprop=\"publisher\" itemscope=\"\" itemtype=\"https:\/\/schema.org\/Organization\"><img decoding=\"async\" src=\"https:\/\/sport.tunisienumerique.com\/wp-content\/uploads\/2017\/05\/logo_tunisie_numerique.png\"\/><\/div>\n<div class=\"nc_socialPanel swp_flatFresh swp_d_fullColor swp_i_fullColor swp_o_fullColor scale-100 scale-fullWidth\" data-position=\"none\" data-float=\"floatNone\" data-count=\"5\" data-floatcolor=\"#ffffff\" data-emphasize=\"0\">\n<div class=\"nc_tweetContainer totes totesalt\" data-id=\"6\"><span class=\"swp_count\"><span class=\"swp_label\">Partages<\/span> 0<\/span><\/div>\n<\/div>\n<div class=\"mvp-related-posts left relative\">\n<h4 class=\"post-header\"><span class=\"post-header\">Lire aussi<\/span><\/h4>\n<\/div>\n<p>Auteur: a.<br \/>\n<a href=\"https:\/\/sport.tunisienumerique.com\/mercato-international-libyen-proche-de-lest\/\">Cliquez ici pour lire l&rsquo;article depuis sa source.<\/a><\/p>\n","protected":false},"excerpt":{"rendered":"<p>Partages 0 L\u2019international libyen, El Moatassem Mosrati est arriv\u00e9 en Tunisie pour n\u00e9gocier avec l\u2019Esp\u00e9rance de Tunis en vue de le rejoindre\u00a0au Mercato d\u2019\u00e9t\u00e9. Selon certains \u00e9chos, le milieu de terrain du club portugais, Vit\u00f3ria Guimar\u00e3es (\u00e9quipe B) serait dans le collimateur de l\u2019Esp\u00e9rance Sportive de Tunis. Le joueur libyen devrait r\u00e9silier son contrat avec [&hellip;]<\/p>\n","protected":false},"author":1789,"featured_media":35659,"comment_status":"closed","ping_status":"closed","sticky":false,"template":"","format":"standard","meta":{"fifu_image_url":"","fifu_image_alt":"","footnotes":""},"categories":[73,55],"tags":[],"class_list":["post-35653","post","type-post","status-publish","format-standard","has-post-thumbnail","hentry","category-actualite","category-tunisie"],"_links":{"self":[{"href":"https:\/\/linitiative.ca\/International\/wp-json\/wp\/v2\/posts\/35653","targetHints":{"allow":["GET"]}}],"collection":[{"href":"https:\/\/linitiative.ca\/International\/wp-json\/wp\/v2\/posts"}],"about":[{"href":"https:\/\/linitiative.ca\/International\/wp-json\/wp\/v2\/types\/post"}],"author":[{"embeddable":true,"href":"https:\/\/linitiative.ca\/International\/wp-json\/wp\/v2\/users\/1789"}],"replies":[{"embeddable":true,"href":"https:\/\/linitiative.ca\/International\/wp-json\/wp\/v2\/comments?post=35653"}],"version-history":[{"count":0,"href":"https:\/\/linitiative.ca\/International\/wp-json\/wp\/v2\/posts\/35653\/revisions"}],"wp:featuredmedia":[{"embeddable":true,"href":"https:\/\/linitiative.ca\/International\/wp-json\/"}],"wp:attachment":[{"href":"https:\/\/linitiative.ca\/International\/wp-json\/wp\/v2\/media?parent=35653"}],"wp:term":[{"taxonomy":"category","embeddable":true,"href":"https:\/\/linitiative.ca\/International\/wp-json\/wp\/v2\/categories?post=35653"},{"taxonomy":"post_tag","embeddable":true,"href":"https:\/\/linitiative.ca\/International\/wp-json\/wp\/v2\/tags?post=35653"}],"curies":[{"name":"wp","href":"https:\/\/api.w.org\/{rel}","templated":true}]}}