{"id":35654,"date":"2019-05-21T08:11:10","date_gmt":"2019-05-21T12:11:10","guid":{"rendered":"https:\/\/linitiative.ca\/International\/coup-denvoi-de-la-1ere-edition-du-festival-de-dakhla-du-madih\/"},"modified":"2019-05-21T08:11:10","modified_gmt":"2019-05-21T12:11:10","slug":"coup-denvoi-de-la-1ere-edition-du-festival-de-dakhla-du-madih","status":"publish","type":"post","link":"https:\/\/linitiative.ca\/International\/coup-denvoi-de-la-1ere-edition-du-festival-de-dakhla-du-madih\/","title":{"rendered":"Coup d\u2019envoi de la 1\u00e8re \u00e9dition du Festival de Dakhla du Madih"},"content":{"rendered":"<header>\n<div class=\"entry-post-meta\">\n<div class=\"author-link\">Publi\u00e9 par <a itemprop=\"author\" itemscope=\"\" itemtype=\"https:\/\/schema.org\/Person\" href=\"http:\/\/aujourdhui.ma\/profile\/kaid\" rel=\"author\"><span itemprop=\"name\">ALM<\/span><\/a><\/div>\n<p>Date\u00a0:<time content=\"2019-05-21T12:11:10+00:00\" class=\"entry-date updated\" datetime=\"2019-05-21T12:11:10+00:00\">mai 21, 2019<\/time><\/p>\n<div class=\"entry-cat\">dans:<a href=\"http:\/\/aujourdhui.ma\/category\/culture\" rel=\"category tag\">Culture<\/a><\/div>\n<p>0 Vues<\/p>\n<\/div>\n<\/header>\n<div class=\"entry-content clearfix\" readability=\"46\"><img decoding=\"async\" class=\"post_layout_5_img\" src=\"http:\/\/aujourdhui.ma\/wp-content\/uploads\/2019\/05\/Dakhla-Festival-Amdah.jpg?x29840\" alt=\"Coup d\u2019envoi de la 1\u00e8re \u00e9dition du Festival de Dakhla du Madih\"\/><\/p>\n<p class=\"p1\"><span class=\"s1\"><span class=\"c4\"><strong>Le coup d\u2019envoi de la 1\u00e8re \u00e9dition du Festival Dakhla du Madih, un \u00e9v\u00e9nement plac\u00e9 sous le th\u00e8me \u00abRamadan \u00e0 Dakhla : des soir\u00e9es spirituelles\u00bb, a \u00e9t\u00e9 donn\u00e9 r\u00e9cemment, avec la participation de nombre d\u2019artistes et de madihines (chanteurs) de renom.<\/strong><\/span><span class=\"Apple-converted-space\">\u00a0<\/span><\/span> <span id=\"more-311605\"\/><\/p>\n<p class=\"p1\"><span class=\"s1\">Cette manifestation artistique, qui se poursuit jusqu\u2019au 23 mai sur les sc\u00e8nes de la place Hassan II et du quartier Ennahda \u00e0 Dakhla, s\u2019inscrit dans le cadre du programme d\u2019animation religieuse, culturelle et sportive concoct\u00e9e par le Conseil de la r\u00e9gion de Dakhla-Oued Eddahab tout au long du mois sacr\u00e9 de Ramadan.<span class=\"Apple-converted-space\">\u00a0<\/span> Ainsi, l\u2019association \u00abAl Moussilia du chant Gharnati\u00bb d\u2019Oujda a ouvert le bal avec un spectacle grandiose.<\/span><\/p>\n<\/div>\n<p>Auteur: ALM<br \/>\n<a href=\"http:\/\/aujourdhui.ma\/culture\/coup-denvoi-de-la-1ere-edition-du-festival-de-dakhla-du-madih\">Cliquez ici pour lire l&rsquo;article depuis sa source.<\/a><\/p>\n","protected":false},"excerpt":{"rendered":"<p>Publi\u00e9 par ALM Date\u00a0:mai 21, 2019 dans:Culture 0 Vues Le coup d\u2019envoi de la 1\u00e8re \u00e9dition du Festival Dakhla du Madih, un \u00e9v\u00e9nement plac\u00e9 sous le th\u00e8me \u00abRamadan \u00e0 Dakhla : des soir\u00e9es spirituelles\u00bb, a \u00e9t\u00e9 donn\u00e9 r\u00e9cemment, avec la participation de nombre d\u2019artistes et de madihines (chanteurs) de renom.\u00a0 Cette manifestation artistique, qui se [&hellip;]<\/p>\n","protected":false},"author":1759,"featured_media":0,"comment_status":"closed","ping_status":"closed","sticky":false,"template":"","format":"standard","meta":{"fifu_image_url":"","fifu_image_alt":"","footnotes":""},"categories":[73,54],"tags":[],"class_list":["post-35654","post","type-post","status-publish","format-standard","hentry","category-actualite","category-maroc"],"_links":{"self":[{"href":"https:\/\/linitiative.ca\/International\/wp-json\/wp\/v2\/posts\/35654","targetHints":{"allow":["GET"]}}],"collection":[{"href":"https:\/\/linitiative.ca\/International\/wp-json\/wp\/v2\/posts"}],"about":[{"href":"https:\/\/linitiative.ca\/International\/wp-json\/wp\/v2\/types\/post"}],"author":[{"embeddable":true,"href":"https:\/\/linitiative.ca\/International\/wp-json\/wp\/v2\/users\/1759"}],"replies":[{"embeddable":true,"href":"https:\/\/linitiative.ca\/International\/wp-json\/wp\/v2\/comments?post=35654"}],"version-history":[{"count":0,"href":"https:\/\/linitiative.ca\/International\/wp-json\/wp\/v2\/posts\/35654\/revisions"}],"wp:attachment":[{"href":"https:\/\/linitiative.ca\/International\/wp-json\/wp\/v2\/media?parent=35654"}],"wp:term":[{"taxonomy":"category","embeddable":true,"href":"https:\/\/linitiative.ca\/International\/wp-json\/wp\/v2\/categories?post=35654"},{"taxonomy":"post_tag","embeddable":true,"href":"https:\/\/linitiative.ca\/International\/wp-json\/wp\/v2\/tags?post=35654"}],"curies":[{"name":"wp","href":"https:\/\/api.w.org\/{rel}","templated":true}]}}