{"id":35657,"date":"2019-05-21T06:16:50","date_gmt":"2019-05-21T10:16:50","guid":{"rendered":"https:\/\/linitiative.ca\/International\/kamal-daissaoui-enseignant-chercheur-marocain\/"},"modified":"2019-05-21T06:16:50","modified_gmt":"2019-05-21T10:16:50","slug":"kamal-daissaoui-enseignant-chercheur-marocain","status":"publish","type":"post","link":"https:\/\/linitiative.ca\/International\/kamal-daissaoui-enseignant-chercheur-marocain\/","title":{"rendered":"Kamal Daissaoui, enseignant-chercheur marocain"},"content":{"rendered":"<p>Le pr\u00e9sident de l\u2019Ecole marocaine des sciences de l\u2019ing\u00e9nieur (EMSI), <strong>Kamal Daissaoui<\/strong>, a \u00e9t\u00e9 fait, samedi, Chevalier de l\u2019Ordre pour le progr\u00e8s des sciences et de l\u2019invention, lors du Salon europ\u00e9en de la cr\u00e9ativit\u00e9 et de l\u2019innovation (Euroinvent), qu\u2019abrite la ville d\u2019Iasi du 16 au 18 mai, \u00ab\u00a0en reconnaissance notamment \u00e0 ses actions en faveur de la recherche scientifique et l\u2019innovation\u00a0\u00bb.<\/p>\n<div class=\"c10\"\/>\n<p>\u00ab\u00a0C\u2019est un grand honneur pour le Maroc et une fiert\u00e9 pour moi-m\u00eame\u00a0\u00bb, s\u2019est f\u00e9licit\u00e9 ce laur\u00e9at et Docteur en informatique de l\u2019Universit\u00e9 de Nice Sophia Antipolis en France.<\/p>\n<p>Daissaoui a commenc\u00e9 sa carri\u00e8re d\u2019enseignant chercheur au sein de cette prestigieuse universit\u00e9 en 1981, avant d\u2019int\u00e9grer l\u2019Ecole Hassania des ing\u00e9nieurs \u00e0 Casablanca en 1983.<\/p>\n<p>Par ailleurs, l\u2019EMSI a \u00e9t\u00e9 \u00e9galement r\u00e9compens\u00e9e lors de l\u2019\u00e9dition 2019 d\u2019Euroinvent par deux m\u00e9dailles d\u2019or pour ses innovations \u00ab\u00a0Smartrafic\u00a0\u00bb et \u00ab\u00a0Smarty factory 4.0\u00a0\u00bb.<\/p>\n<p>Ces deux innovations sont des brevets relatifs \u00e0 la cat\u00e9gorie des nouvelles technologies, l\u2019un dans le domaine des villes intelligentes et l\u2019autre dans le domaine des usines connect\u00e9es.<\/p>\n<p>L\u2019EMSI a, en outre, d\u00e9croch\u00e9 lors de l\u2019\u00e9dition 2019 huit distinctions, dont le \u00ab\u00a0Prix de la meilleure contribution \u00e9trang\u00e8re\u00a0\u00bb. Cet Award est remis par les organisateurs d\u2019Euroinvent \u00e0 une d\u00e9l\u00e9gation \u00e9trang\u00e8re qui participe \u00e0 cet \u00e9v\u00e9nement et dont la contribution constitue un progr\u00e8s scientifique.<\/p>\n<p>Euroinvent, le plus grand salon de l\u2019innovation en Europe de l\u2019Est, est organis\u00e9 par le Forum des inventeurs roumains, l\u2019Organisation Europe Direct Iasi, l\u2019Universit\u00e9 technique Gheorghe Asachi, l\u2019Universit\u00e9 Grigore T. Popa de m\u00e9decine et d\u2019agriculture, et l\u2019Universit\u00e9 Alexandru Ioan Cuza d\u2019Iasi.<\/p>\n<div class=\"c17\">\n<fieldset class=\"c16\">\n<legend><strong><span class=\"c11\">Challenge<\/span><span class=\"c12\">news<\/span><\/strong><\/legend>\n<div class=\"c15\">Le meilleur de la r\u00e9daction s\u00e9lectionn\u00e9 par Challenge :<\/p>\n<\/div>\n<\/fieldset>\n<\/div>\n<p>Auteur: Hassan Manyani<br \/>\n<a href=\"https:\/\/www.challenge.ma\/il-fait-lactu-kamal-daissaoui-enseignant-chercheur-marocain-109348\/\">Cliquez ici pour lire l&rsquo;article depuis sa source.<\/a><\/p>\n","protected":false},"excerpt":{"rendered":"<p>Le pr\u00e9sident de l\u2019Ecole marocaine des sciences de l\u2019ing\u00e9nieur (EMSI), Kamal Daissaoui, a \u00e9t\u00e9 fait, samedi, Chevalier de l\u2019Ordre pour le progr\u00e8s des sciences et de l\u2019invention, lors du Salon europ\u00e9en de la cr\u00e9ativit\u00e9 et de l\u2019innovation (Euroinvent), qu\u2019abrite la ville d\u2019Iasi du 16 au 18 mai, \u00ab\u00a0en reconnaissance notamment \u00e0 ses actions en faveur [&hellip;]<\/p>\n","protected":false},"author":1787,"featured_media":0,"comment_status":"closed","ping_status":"closed","sticky":false,"template":"","format":"standard","meta":{"fifu_image_url":"","fifu_image_alt":"","footnotes":""},"categories":[78,54],"tags":[],"class_list":["post-35657","post","type-post","status-publish","format-standard","hentry","category-economie","category-maroc"],"_links":{"self":[{"href":"https:\/\/linitiative.ca\/International\/wp-json\/wp\/v2\/posts\/35657","targetHints":{"allow":["GET"]}}],"collection":[{"href":"https:\/\/linitiative.ca\/International\/wp-json\/wp\/v2\/posts"}],"about":[{"href":"https:\/\/linitiative.ca\/International\/wp-json\/wp\/v2\/types\/post"}],"author":[{"embeddable":true,"href":"https:\/\/linitiative.ca\/International\/wp-json\/wp\/v2\/users\/1787"}],"replies":[{"embeddable":true,"href":"https:\/\/linitiative.ca\/International\/wp-json\/wp\/v2\/comments?post=35657"}],"version-history":[{"count":0,"href":"https:\/\/linitiative.ca\/International\/wp-json\/wp\/v2\/posts\/35657\/revisions"}],"wp:attachment":[{"href":"https:\/\/linitiative.ca\/International\/wp-json\/wp\/v2\/media?parent=35657"}],"wp:term":[{"taxonomy":"category","embeddable":true,"href":"https:\/\/linitiative.ca\/International\/wp-json\/wp\/v2\/categories?post=35657"},{"taxonomy":"post_tag","embeddable":true,"href":"https:\/\/linitiative.ca\/International\/wp-json\/wp\/v2\/tags?post=35657"}],"curies":[{"name":"wp","href":"https:\/\/api.w.org\/{rel}","templated":true}]}}