{"id":35660,"date":"2019-05-21T08:19:39","date_gmt":"2019-05-21T12:19:39","guid":{"rendered":"https:\/\/linitiative.ca\/International\/casablanca-118-739-personnes-arretees-en-une-annee\/"},"modified":"2019-05-21T08:19:39","modified_gmt":"2019-05-21T12:19:39","slug":"casablanca-118-739-personnes-arretees-en-une-annee","status":"publish","type":"post","link":"https:\/\/linitiative.ca\/International\/casablanca-118-739-personnes-arretees-en-une-annee\/","title":{"rendered":"Casablanca : 118.739 personnes arr\u00eat\u00e9es en une ann\u00e9e"},"content":{"rendered":"<header>\n<\/header>\n<div class=\"entry-content clearfix\" readability=\"52\"><img decoding=\"async\" class=\"post_layout_5_img\" src=\"http:\/\/aujourdhui.ma\/wp-content\/uploads\/2016\/02\/Arrestation-Police-Casablanca-Maroc.jpg?x29840\" alt=\"Casablanca : 118.739 personnes arr\u00eat\u00e9es en une ann\u00e9e\"\/><\/p>\n<p class=\"p1\"><span class=\"c4\"><strong>Pas moins de 118.739 personnes ont \u00e9t\u00e9 arr\u00eat\u00e9es, durant une ann\u00e9e, du 16 mai 2018 au 16 mai 2019, \u00e0 Casablanca, a r\u00e9v\u00e9l\u00e9 le pr\u00e9fet de police de la s\u00fbret\u00e9 pr\u00e9fectorale du Grand Casablanca, Abdellah Al Ouardi, lors de la c\u00e9l\u00e9bration du 63\u00e8me anniversaire de la cr\u00e9ation de la s\u00fbret\u00e9 nationale.<\/strong><\/span><span id=\"more-311618\"\/><\/p>\n<p class=\"p1\">Parmi ce nombre, toujours selon le pr\u00e9fet de police, 94.685 personnes ont \u00e9t\u00e9 arr\u00eat\u00e9es en flagrant d\u00e9lit alors que le reste, \u00e0 savoir 24.054 personnes, faisait l\u2019objet de notes de recherche pour leur implication dans diff\u00e9rents d\u00e9lits et crimes, autrement dit, ils \u00e9taient en \u00e9tat de fuite avant leur arrestation.<\/p>\n<\/div>\n<p>Auteur: Abderrafii ALOUMLIKI<br \/>\n<a href=\"http:\/\/aujourdhui.ma\/faits-divers\/casablanca-118-739-personnes-arretees-en-une-annee\">Cliquez ici pour lire l&rsquo;article depuis sa source.<\/a><\/p>\n","protected":false},"excerpt":{"rendered":"<p>Pas moins de 118.739 personnes ont \u00e9t\u00e9 arr\u00eat\u00e9es, durant une ann\u00e9e, du 16 mai 2018 au 16 mai 2019, \u00e0 Casablanca, a r\u00e9v\u00e9l\u00e9 le pr\u00e9fet de police de la s\u00fbret\u00e9 pr\u00e9fectorale du Grand Casablanca, Abdellah Al Ouardi, lors de la c\u00e9l\u00e9bration du 63\u00e8me anniversaire de la cr\u00e9ation de la s\u00fbret\u00e9 nationale. Parmi ce nombre, toujours [&hellip;]<\/p>\n","protected":false},"author":1759,"featured_media":0,"comment_status":"closed","ping_status":"closed","sticky":false,"template":"","format":"standard","meta":{"fifu_image_url":"","fifu_image_alt":"","footnotes":""},"categories":[73,54],"tags":[],"class_list":["post-35660","post","type-post","status-publish","format-standard","hentry","category-actualite","category-maroc"],"_links":{"self":[{"href":"https:\/\/linitiative.ca\/International\/wp-json\/wp\/v2\/posts\/35660","targetHints":{"allow":["GET"]}}],"collection":[{"href":"https:\/\/linitiative.ca\/International\/wp-json\/wp\/v2\/posts"}],"about":[{"href":"https:\/\/linitiative.ca\/International\/wp-json\/wp\/v2\/types\/post"}],"author":[{"embeddable":true,"href":"https:\/\/linitiative.ca\/International\/wp-json\/wp\/v2\/users\/1759"}],"replies":[{"embeddable":true,"href":"https:\/\/linitiative.ca\/International\/wp-json\/wp\/v2\/comments?post=35660"}],"version-history":[{"count":0,"href":"https:\/\/linitiative.ca\/International\/wp-json\/wp\/v2\/posts\/35660\/revisions"}],"wp:attachment":[{"href":"https:\/\/linitiative.ca\/International\/wp-json\/wp\/v2\/media?parent=35660"}],"wp:term":[{"taxonomy":"category","embeddable":true,"href":"https:\/\/linitiative.ca\/International\/wp-json\/wp\/v2\/categories?post=35660"},{"taxonomy":"post_tag","embeddable":true,"href":"https:\/\/linitiative.ca\/International\/wp-json\/wp\/v2\/tags?post=35660"}],"curies":[{"name":"wp","href":"https:\/\/api.w.org\/{rel}","templated":true}]}}