{"id":35668,"date":"2019-05-21T08:04:00","date_gmt":"2019-05-21T12:04:00","guid":{"rendered":"https:\/\/linitiative.ca\/International\/ligue-des-champions-lest-senvolera-ce-mercredi-au-maroc\/"},"modified":"2019-05-21T08:04:00","modified_gmt":"2019-05-21T12:04:00","slug":"ligue-des-champions-lest-senvolera-ce-mercredi-au-maroc","status":"publish","type":"post","link":"https:\/\/linitiative.ca\/International\/ligue-des-champions-lest-senvolera-ce-mercredi-au-maroc\/","title":{"rendered":"Ligue des champions : L\u2019EST s\u2019envolera ce mercredi au Maroc"},"content":{"rendered":"<div class=\"nc_socialPanel swp_flatFresh swp_d_fullColor swp_i_fullColor swp_o_fullColor scale-100 scale-fullWidth\" data-position=\"none\" data-float=\"floatNone\" data-count=\"5\" data-floatcolor=\"#ffffff\" data-emphasize=\"0\">\n<div class=\"nc_tweetContainer totes totesalt\" data-id=\"6\"><span class=\"swp_count\"><span class=\"swp_label\">Partages<\/span> 0<\/span><\/div>\n<\/div>\n<p>L\u2019Esp\u00e9rance Sportive de Tunis s\u2019envolera ce mercredi vers la capitale du Maroc, Rabat, pour y affronter le Wydad de Casablanca, dans le cadre de la finale aller de la Ligue des champions d\u2019Afrique.<\/p>\n<p>Une fois arriv\u00e9s au Maroc, les joueurs Esp\u00e9rantistes effectueront une s\u00e9ance de r\u00e9cup\u00e9ration sous la direction du pr\u00e9parateur de l\u2019\u00e9quipe, Sabri Bouazizi. Une seule s\u00e9ance d\u2019entra\u00eenement sera mise en place, jeudi sur la pelouse du terrain Moulley Abdallah, le stade qui accueillera la rencontre.<\/p>\n<div class=\"code-block code-block-1 c4\"><ins class=\"adsbygoogle c3\" data-ad-layout=\"in-article\" data-ad-format=\"fluid\" data-ad-client=\"ca-pub-2102118777505746\" data-ad-slot=\"7301775417\"\/> <\/div>\n<p>Il est \u00e0 noter que la finale aller de la Ligue des champions entre le Wydad et l\u2019EST se tiendra le vendredi 24 mai \u00e0 partir de (23h00).<\/p>\n<div class=\"mvp-org-wrap mvp-org-logo\" itemprop=\"publisher\" itemscope=\"\" itemtype=\"https:\/\/schema.org\/Organization\"><img decoding=\"async\" src=\"https:\/\/sport.tunisienumerique.com\/wp-content\/uploads\/2017\/05\/logo_tunisie_numerique.png\"\/><\/div>\n<div class=\"nc_socialPanel swp_flatFresh swp_d_fullColor swp_i_fullColor swp_o_fullColor scale-100 scale-fullWidth\" data-position=\"none\" data-float=\"floatNone\" data-count=\"5\" data-floatcolor=\"#ffffff\" data-emphasize=\"0\">\n<div class=\"nc_tweetContainer totes totesalt\" data-id=\"6\"><span class=\"swp_count\"><span class=\"swp_label\">Partages<\/span> 0<\/span><\/div>\n<\/div>\n<div class=\"mvp-related-posts left relative\">\n<h4 class=\"post-header\"><span class=\"post-header\">Lire aussi<\/span><\/h4>\n<\/div>\n<p>Auteur: a.<br \/>\n<a href=\"https:\/\/sport.tunisienumerique.com\/ligue-champions-lest-senvolera-mercredi-maroc\/\">Cliquez ici pour lire l&rsquo;article depuis sa source.<\/a><\/p>\n","protected":false},"excerpt":{"rendered":"<p>Partages 0 L\u2019Esp\u00e9rance Sportive de Tunis s\u2019envolera ce mercredi vers la capitale du Maroc, Rabat, pour y affronter le Wydad de Casablanca, dans le cadre de la finale aller de la Ligue des champions d\u2019Afrique. Une fois arriv\u00e9s au Maroc, les joueurs Esp\u00e9rantistes effectueront une s\u00e9ance de r\u00e9cup\u00e9ration sous la direction du pr\u00e9parateur de l\u2019\u00e9quipe, [&hellip;]<\/p>\n","protected":false},"author":1789,"featured_media":35672,"comment_status":"closed","ping_status":"closed","sticky":false,"template":"","format":"standard","meta":{"fifu_image_url":"","fifu_image_alt":"","footnotes":""},"categories":[73,55],"tags":[],"class_list":["post-35668","post","type-post","status-publish","format-standard","has-post-thumbnail","hentry","category-actualite","category-tunisie"],"_links":{"self":[{"href":"https:\/\/linitiative.ca\/International\/wp-json\/wp\/v2\/posts\/35668","targetHints":{"allow":["GET"]}}],"collection":[{"href":"https:\/\/linitiative.ca\/International\/wp-json\/wp\/v2\/posts"}],"about":[{"href":"https:\/\/linitiative.ca\/International\/wp-json\/wp\/v2\/types\/post"}],"author":[{"embeddable":true,"href":"https:\/\/linitiative.ca\/International\/wp-json\/wp\/v2\/users\/1789"}],"replies":[{"embeddable":true,"href":"https:\/\/linitiative.ca\/International\/wp-json\/wp\/v2\/comments?post=35668"}],"version-history":[{"count":0,"href":"https:\/\/linitiative.ca\/International\/wp-json\/wp\/v2\/posts\/35668\/revisions"}],"wp:featuredmedia":[{"embeddable":true,"href":"https:\/\/linitiative.ca\/International\/wp-json\/"}],"wp:attachment":[{"href":"https:\/\/linitiative.ca\/International\/wp-json\/wp\/v2\/media?parent=35668"}],"wp:term":[{"taxonomy":"category","embeddable":true,"href":"https:\/\/linitiative.ca\/International\/wp-json\/wp\/v2\/categories?post=35668"},{"taxonomy":"post_tag","embeddable":true,"href":"https:\/\/linitiative.ca\/International\/wp-json\/wp\/v2\/tags?post=35668"}],"curies":[{"name":"wp","href":"https:\/\/api.w.org\/{rel}","templated":true}]}}