{"id":35681,"date":"2019-05-21T07:59:59","date_gmt":"2019-05-21T11:59:59","guid":{"rendered":"https:\/\/linitiative.ca\/International\/benguerir-une-ecole-dintelligence-collective-voit-le-jour-en-juin\/"},"modified":"2019-05-21T07:59:59","modified_gmt":"2019-05-21T11:59:59","slug":"benguerir-une-ecole-dintelligence-collective-voit-le-jour-en-juin","status":"publish","type":"post","link":"https:\/\/linitiative.ca\/International\/benguerir-une-ecole-dintelligence-collective-voit-le-jour-en-juin\/","title":{"rendered":"Bengu\u00e9rir : une \u00e9cole d\u2019intelligence collective voit le jour en juin"},"content":{"rendered":"<p class=\"p1\"><span class=\"s2\">Une \u00e9cole d\u00e9di\u00e9e \u00e0 l\u2019intelligence collective. C\u2019est ce que l\u2019Universit\u00e9 Mohammed VI polytechnique (UM6P) de Bengu\u00e9rir se pr\u00e9pare \u00e0 lancer d\u00e8s juin prochain avec, entre autres, le premier Master complet en intelligence collective du monde entier. Les d\u00e9tails.\u00a0<\/span><\/p>\n<div class=\"c10\"\/>\n<br \/><img loading=\"lazy\" decoding=\"async\" class=\"wp-image-109374 size-medium\" src=\"https:\/\/www.challenge.ma\/wp-content\/uploads\/2019\/05\/Lex-Paulson-300x171.jpg\" alt=\"\" width=\"300\" height=\"171\" srcset=\"https:\/\/www.challenge.ma\/wp-content\/uploads\/2019\/05\/Lex-Paulson-300x171.jpg 300w, https:\/\/www.challenge.ma\/wp-content\/uploads\/2019\/05\/Lex-Paulson-768x437.jpg 768w, https:\/\/www.challenge.ma\/wp-content\/uploads\/2019\/05\/Lex-Paulson-360x205.jpg 360w, https:\/\/www.challenge.ma\/wp-content\/uploads\/2019\/05\/Lex-Paulson-750x427.jpg 750w, https:\/\/www.challenge.ma\/wp-content\/uploads\/2019\/05\/Lex-Paulson.jpg 871w\" sizes=\"auto, (max-width: 300px) 100vw, 300px\"\/>Lex Paulson, directeur de l\u2019Ecole d\u2019intelligence collective UM6P.<\/p>\n<p class=\"p1\"><span class=\"s1\">C<\/span> <span class=\"s1\">\u2019est in\u00e9dit: une \u00e9cole d\u2019intelligence collective. C\u2019est ce que compte lancer d\u00e8s juin prochain, l\u2019Universit\u00e9 Mohammed VI polytechnique (UM6P) de Bengu\u00e9rir. Nouveau domaine de connaissances aux racines anciennes, l\u2019intelligence collective traite de la fa\u00e7on dont les groupes peuvent pr\u00e9server et d\u00e9velopper les connaissances plus efficacement que les individus seuls et qui fera progresser les connaissances requises pour une soci\u00e9t\u00e9 collectivement intelligente.<\/span><\/p>\n<p class=\"p1\"><span class=\"s1\"><em>\u00abLes dipl\u00f4m\u00e9s de l\u2019Ecole d\u2019intelligence collective seront en mesure de mener des projets de transformation pour des minist\u00e8res, grandes entreprises, et partis politiques, mais aussi pour les associations et les projets d\u2019innovation sociale\u00bb,<\/em> explique Lex Paulson, directeur de l\u2019Ecole d\u2019intelligence collective de l\u2019UM6P.<\/span><\/p>\n<p class=\"p1\"><span class=\"s1\">Pour mener \u00e0 bien ce projet, l\u2019institution marocaine centr\u00e9e sur la recherche et l\u2019innovation, a nou\u00e9 des partenariats de premier plan avec des institutions europ\u00e9ennes et am\u00e9ricaines. Ainsi, l\u2019Ecole d\u2019intelligence collective propose deux Masters et un programme de doctorat. <em>\u00ab Sur notre campus de Bengu\u00e9rir, en partenariat avec des institutions comme le MIT et l\u2019Ecole normale sup\u00e9rieure-Paris, nous proposerons le premier Master complet en intelligence collective du monde entier, ainsi qu\u2019un programme de doctorat sur 5 ans avec des opportunit\u00e9s de recherche postdoctorale, un Master ex\u00e9cutif et un incubateur d\u2019entrepreneurial \u00bb<\/em>, souligne Lex Paulson.<\/span><\/p>\n<p class=\"p1\"><span class=\"s1\">En d\u00e9tails, l\u2019\u00e9tude de l\u2019intelligence collective englobe de nombreux domaines d\u2019investigation : les sciences cognitives, pour comprendre l\u2019esprit humain et la fa\u00e7on dont les groupes collectivement; les sciences des donn\u00e9es, pour comprendre comment les d\u00e9cisions collectives peuvent \u00eatre plus \u00e9clair\u00e9es; la science organisationnelle, pour d\u00e9velopper de nouvelles structures et de nouveaux processus favorisant une collaboration productive; l\u2019innovation politique, pour recentrer les institutions sur la citoyennet\u00e9 active; et enfin, l\u2019histoire et l\u2019\u00e9thique de l\u2019intelligence collective pour la mani\u00e8re d\u2019utiliser les comp\u00e9tences de fa\u00e7on responsable et les adapter au moment pr\u00e9sent.<\/span><\/p>\n<p class=\"p1\"><span class=\"s1\"><em>\u00ab L\u2019Ecole a pour mission d\u2019\u00e9tudier la cognition, la collaboration et la transformation de fa\u00e7on transversale et scientifique ainsi que faire rayonner l\u2019expertise scientifique de l\u2019UM6P \u00e0 l\u2019international et en faire un centre d\u2019innovation gr\u00e2ce \u00e0 un incubateur pour mettre en pratique les savoirs de l\u2019Ecole \u00bb<\/em>, pr\u00e9cise le directeur de l\u2019Ecole d\u2019intelligence collective de l\u2019UM6P.<\/span><\/p>\n<div class=\"c17\">\n<fieldset class=\"c16\">\n<legend><strong><span class=\"c11\">Challenge<\/span><span class=\"c12\">news<\/span><\/strong><\/legend>\n<div class=\"c15\">Le meilleur de la r\u00e9daction s\u00e9lectionn\u00e9 par Challenge :<\/p>\n<\/div>\n<\/fieldset>\n<\/div>\n<p>Auteur: Hajar DARI<br \/>\n<a href=\"https:\/\/www.challenge.ma\/benguerir-une-ecole-dintelligence-collective-voit-le-jour-en-juin-109367\/\">Cliquez ici pour lire l&rsquo;article depuis sa source.<\/a><\/p>\n","protected":false},"excerpt":{"rendered":"<p>Une \u00e9cole d\u00e9di\u00e9e \u00e0 l\u2019intelligence collective. C\u2019est ce que l\u2019Universit\u00e9 Mohammed VI polytechnique (UM6P) de Bengu\u00e9rir se pr\u00e9pare \u00e0 lancer d\u00e8s juin prochain avec, entre autres, le premier Master complet en intelligence collective du monde entier. Les d\u00e9tails.\u00a0 Lex Paulson, directeur de l\u2019Ecole d\u2019intelligence collective UM6P. C \u2019est in\u00e9dit: une \u00e9cole d\u2019intelligence collective. C\u2019est ce [&hellip;]<\/p>\n","protected":false},"author":1787,"featured_media":35684,"comment_status":"closed","ping_status":"closed","sticky":false,"template":"","format":"standard","meta":{"fifu_image_url":"","fifu_image_alt":"","footnotes":""},"categories":[78,54],"tags":[],"class_list":["post-35681","post","type-post","status-publish","format-standard","has-post-thumbnail","hentry","category-economie","category-maroc"],"_links":{"self":[{"href":"https:\/\/linitiative.ca\/International\/wp-json\/wp\/v2\/posts\/35681","targetHints":{"allow":["GET"]}}],"collection":[{"href":"https:\/\/linitiative.ca\/International\/wp-json\/wp\/v2\/posts"}],"about":[{"href":"https:\/\/linitiative.ca\/International\/wp-json\/wp\/v2\/types\/post"}],"author":[{"embeddable":true,"href":"https:\/\/linitiative.ca\/International\/wp-json\/wp\/v2\/users\/1787"}],"replies":[{"embeddable":true,"href":"https:\/\/linitiative.ca\/International\/wp-json\/wp\/v2\/comments?post=35681"}],"version-history":[{"count":0,"href":"https:\/\/linitiative.ca\/International\/wp-json\/wp\/v2\/posts\/35681\/revisions"}],"wp:featuredmedia":[{"embeddable":true,"href":"https:\/\/linitiative.ca\/International\/wp-json\/"}],"wp:attachment":[{"href":"https:\/\/linitiative.ca\/International\/wp-json\/wp\/v2\/media?parent=35681"}],"wp:term":[{"taxonomy":"category","embeddable":true,"href":"https:\/\/linitiative.ca\/International\/wp-json\/wp\/v2\/categories?post=35681"},{"taxonomy":"post_tag","embeddable":true,"href":"https:\/\/linitiative.ca\/International\/wp-json\/wp\/v2\/tags?post=35681"}],"curies":[{"name":"wp","href":"https:\/\/api.w.org\/{rel}","templated":true}]}}