{"id":35683,"date":"2019-05-21T09:30:21","date_gmt":"2019-05-21T13:30:21","guid":{"rendered":"https:\/\/linitiative.ca\/International\/le-moussem-de-tan-tan-souffle-sa-15eme-bougie\/"},"modified":"2019-05-21T09:30:21","modified_gmt":"2019-05-21T13:30:21","slug":"le-moussem-de-tan-tan-souffle-sa-15eme-bougie","status":"publish","type":"post","link":"https:\/\/linitiative.ca\/International\/le-moussem-de-tan-tan-souffle-sa-15eme-bougie\/","title":{"rendered":"Le Moussem de Tan Tan souffle sa 15\u00e8me bougie"},"content":{"rendered":"<p><img decoding=\"async\" class=\"post_layout_5_img\" src=\"http:\/\/aujourdhui.ma\/wp-content\/uploads\/2017\/05\/Moussem-de-Tan-Tan.jpg?x29840\" alt=\"Le Moussem de Tan Tan souffle sa 15\u00e8me bougie\"\/><\/p>\n<p class=\"p1\"><span class=\"c4\"><strong><em>Proclam\u00e9 patrimoine immat\u00e9riel de l\u2019humanit\u00e9 par l\u2019Unesco<\/em><\/strong><\/span><span id=\"more-311578\"\/><\/p>\n<p class=\"p2\"><span class=\"s1\">Sous le Haut patronage de SM le Roi Mohammed VI, la Fondation Almouggar organisera la 15\u00e8me \u00e9dition du Moussem de Tan Tan du 14 au 19 juin sous le th\u00e8me \u00abLe Moussem de Tan Tan porteur de la culture nomade universelle\u00bb. Cet \u00e9v\u00e8nement de renomm\u00e9e internationale vise \u00e0 c\u00e9l\u00e9brer une composante de la civilisation marocaine, \u00e0 travers la mise en avant et la pr\u00e9servation des diff\u00e9rentes dimensions de la vie quotidienne du citoyen, comme outil de d\u00e9veloppement durable de la r\u00e9gion.<\/span><\/p>\n<p class=\"p2\"><span class=\"s1\">Proclam\u00e9 par l\u2019Unesco chef-d\u2019\u0153uvre du patrimoine oral et immat\u00e9riel de l\u2019humanit\u00e9 en 2005 et inscrit sur la liste repr\u00e9sentative du patrimoine culturel immat\u00e9riel de l\u2019humanit\u00e9 en 2008, le Moussem de Tan Tan demeure un t\u00e9moignage vivant et unique de la richesse et de la diversit\u00e9 du patrimoine culturel des nomades au Sahara. Ce rendez-vous annuel symbolise la paix et la tol\u00e9rance et constitue un important centre d\u2019\u00e9change culturel et \u00e9conomique entre les tribus de la r\u00e9gion.<br \/>Au menu de cet \u00e9v\u00e8nement, l\u2019installation de tentes th\u00e9matiques et l\u2019organisation de spectacles folkloriques, notamment des courses de m\u00e9haris et \u00e9questres, des s\u00e9minaires et des soir\u00e9es artistiques et musicales. Cette manifestation donnera lieu, en outre, \u00e0 un carnaval avec la participation des troupes locales, nationales et internationales, ainsi qu\u2019une exposition de photographies sur le Moussem de Tan Tan et des soir\u00e9es d\u00e9di\u00e9es \u00e0 la po\u00e9sie.<\/span><\/p>\n<p class=\"p2\"><span class=\"s1\">Notons que cet \u00e9v\u00e8nement est un rassemblement annuel de nomades du Sahara qui r\u00e9unit plus d\u2019une trentaine de tribus du sud marocain et d\u2019autres tribus des pays voisins. Inscrit sur le calendrier agropastoral des nomades, il avait lieu tous les ans vers le mois de mai. Il \u00e9tait l\u2019occasion de retrouvailles, commerce, \u00e9change d\u2019informations, organisation des comp\u00e9titions de dromadaires et de chevaux, mais \u00e9galement une r\u00e9elle occasion de c\u00e9l\u00e9bration de mariages, visites et r\u00e9conciliations.<\/span><\/p>\n<p class=\"p2\"><span class=\"s1\">Ce rassemblement constituait naturellement et spontan\u00e9ment une opportunit\u00e9 de c\u00e9l\u00e9brer diverses expressions culturelles telles que la musique, les chants populaires, les jeux, les joutes de po\u00e9sie et autres traditions orales hassanies. C\u2019est \u00e0 partir de 1963 et apr\u00e8s le d\u00e9c\u00e8s de Mohamed Laghdaf, un saint et fervent r\u00e9sistant, que cet \u00e9v\u00e9nement a pris la forme d\u2019un Moussem, ce qui lui donnera cet aspect religieux.<\/span><\/p>\n<p class=\"p2\"><span class=\"s1\">Point de convergence des populations nomades dispers\u00e9es sur un large territoire, le Moussem de Tan Tan offre aux tribus de la r\u00e9gion l\u2019opportunit\u00e9 exceptionnelle de renouer avec le pass\u00e9. Au-del\u00e0 de la joie des retrouvailles et autres activit\u00e9s festives et commerciales, il permet \u00e9galement aux notables et dignitaires des tribus de d\u00e9battre de sujets aff\u00e9rents \u00e0 leur vie et \u00e0 la solidarit\u00e9 sociale.<\/span><\/p>\n<p class=\"p2\"><span class=\"s1\">Ces derni\u00e8res ann\u00e9es ont consacr\u00e9 la notori\u00e9t\u00e9, la renomm\u00e9e et la reconnaissance du Moussem, marqu\u00e9 notamment par la pr\u00e9sence de nombreux invit\u00e9s prestigieux, parmi lesquels d\u2019\u00e9minentes personnalit\u00e9s du monde de la culture, des arts et du cin\u00e9ma, des sciences et des m\u00e9dias, ministres, ambassadeurs, enseignants-chercheurs, membres d\u2019associations de renomm\u00e9e internationale\u2026 qui ont particip\u00e9 aux festivit\u00e9s sur la Place de la paix et de la tol\u00e9rance.<\/span><\/p>\n<p>Auteur: Mohamed Laabid<br \/>\n<a href=\"http:\/\/aujourdhui.ma\/culture\/le-moussem-de-tan-tan-souffle-sa-15eme-bougie\">Cliquez ici pour lire l&rsquo;article depuis sa source.<\/a><\/p>\n","protected":false},"excerpt":{"rendered":"<p>Proclam\u00e9 patrimoine immat\u00e9riel de l\u2019humanit\u00e9 par l\u2019Unesco Sous le Haut patronage de SM le Roi Mohammed VI, la Fondation Almouggar organisera la 15\u00e8me \u00e9dition du Moussem de Tan Tan du 14 au 19 juin sous le th\u00e8me \u00abLe Moussem de Tan Tan porteur de la culture nomade universelle\u00bb. Cet \u00e9v\u00e8nement de renomm\u00e9e internationale vise \u00e0 [&hellip;]<\/p>\n","protected":false},"author":1759,"featured_media":0,"comment_status":"closed","ping_status":"closed","sticky":false,"template":"","format":"standard","meta":{"fifu_image_url":"","fifu_image_alt":"","footnotes":""},"categories":[73,54],"tags":[],"class_list":["post-35683","post","type-post","status-publish","format-standard","hentry","category-actualite","category-maroc"],"_links":{"self":[{"href":"https:\/\/linitiative.ca\/International\/wp-json\/wp\/v2\/posts\/35683","targetHints":{"allow":["GET"]}}],"collection":[{"href":"https:\/\/linitiative.ca\/International\/wp-json\/wp\/v2\/posts"}],"about":[{"href":"https:\/\/linitiative.ca\/International\/wp-json\/wp\/v2\/types\/post"}],"author":[{"embeddable":true,"href":"https:\/\/linitiative.ca\/International\/wp-json\/wp\/v2\/users\/1759"}],"replies":[{"embeddable":true,"href":"https:\/\/linitiative.ca\/International\/wp-json\/wp\/v2\/comments?post=35683"}],"version-history":[{"count":0,"href":"https:\/\/linitiative.ca\/International\/wp-json\/wp\/v2\/posts\/35683\/revisions"}],"wp:attachment":[{"href":"https:\/\/linitiative.ca\/International\/wp-json\/wp\/v2\/media?parent=35683"}],"wp:term":[{"taxonomy":"category","embeddable":true,"href":"https:\/\/linitiative.ca\/International\/wp-json\/wp\/v2\/categories?post=35683"},{"taxonomy":"post_tag","embeddable":true,"href":"https:\/\/linitiative.ca\/International\/wp-json\/wp\/v2\/tags?post=35683"}],"curies":[{"name":"wp","href":"https:\/\/api.w.org\/{rel}","templated":true}]}}