{"id":35686,"date":"2019-05-21T08:54:14","date_gmt":"2019-05-21T12:54:14","guid":{"rendered":"https:\/\/linitiative.ca\/International\/tunisie-le-mouvement-ennahdha-cherche-son-oiseau-rare\/"},"modified":"2019-05-21T08:54:14","modified_gmt":"2019-05-21T12:54:14","slug":"tunisie-le-mouvement-ennahdha-cherche-son-oiseau-rare","status":"publish","type":"post","link":"https:\/\/linitiative.ca\/International\/tunisie-le-mouvement-ennahdha-cherche-son-oiseau-rare\/","title":{"rendered":"Tunisie- Le mouvement Ennahdha cherche son oiseau rare"},"content":{"rendered":"<div class=\"post-cont-in left relative\">\n<p>Lors de sa pr\u00e9sence sur le plateau Paris-Tunis sur la cha\u00eene France 24, le chef du mouvement islamiste, Rached Ghanouchi a indiqu\u00e9 que sa derni\u00e8re visite \u00e0 Paris\u00a0\u00e9tait une visite officielle effectu\u00e9e d\u2019une mani\u00e8re consensuelle.<\/p>\n<p>Ghanouchi a indiqu\u00e9 que cette\u00a0d\u00e9marche \u00e9tait l\u2019occasion de discuter plusieurs dossiers, \u00e0 savoir celui de l\u2019affaire des appareils secrets, la lutte contre le terrorisme ou encore la situation en Libye.<\/p>\n<div class=\"code-block code-block-1 c3\"><ins class=\"adsbygoogle c2\" data-ad-layout=\"in-article\" data-ad-format=\"fluid\" data-ad-client=\"ca-pub-2102118777505746\" data-ad-slot=\"7301775417\"\/> <\/div>\n<p>Concernant les pr\u00e9sidentielles, le chef du mouvement islamiste a affirm\u00e9 que son parti n\u2019a pas encore choisi son candidat soulignant qu\u2019il cherchait encore \u201cl\u2019oiseau rare\u201d.<\/p>\n<div class=\"mvp-org-wrap mvp-org-logo\" itemprop=\"publisher\" itemscope=\"\" itemtype=\"https:\/\/schema.org\/Organization\"><img decoding=\"async\" src=\"https:\/\/www.tunisienumerique.com\/wp-content\/uploads\/2017\/02\/logo_tunisie_numerique.png\"\/><\/div>\n<div class=\"mvp-related-posts left relative\">\n<h4 class=\"post-header\"><span class=\"post-header\">Lire aussi<\/span><\/h4>\n<\/div>\n<\/div>\n<p>Auteur: Laameri Dorsaf<br \/>\n<a href=\"https:\/\/www.tunisienumerique.com\/tunisie-le-mouvement-ennahdha-cherche-son-oiseau-rare\/\">Cliquez ici pour lire l&rsquo;article depuis sa source.<\/a><\/p>\n","protected":false},"excerpt":{"rendered":"<p>Lors de sa pr\u00e9sence sur le plateau Paris-Tunis sur la cha\u00eene France 24, le chef du mouvement islamiste, Rached Ghanouchi a indiqu\u00e9 que sa derni\u00e8re visite \u00e0 Paris\u00a0\u00e9tait une visite officielle effectu\u00e9e d\u2019une mani\u00e8re consensuelle. Ghanouchi a indiqu\u00e9 que cette\u00a0d\u00e9marche \u00e9tait l\u2019occasion de discuter plusieurs dossiers, \u00e0 savoir celui de l\u2019affaire des appareils secrets, la [&hellip;]<\/p>\n","protected":false},"author":1789,"featured_media":35689,"comment_status":"closed","ping_status":"closed","sticky":false,"template":"","format":"standard","meta":{"fifu_image_url":"","fifu_image_alt":"","footnotes":""},"categories":[73,55],"tags":[],"class_list":["post-35686","post","type-post","status-publish","format-standard","has-post-thumbnail","hentry","category-actualite","category-tunisie"],"_links":{"self":[{"href":"https:\/\/linitiative.ca\/International\/wp-json\/wp\/v2\/posts\/35686","targetHints":{"allow":["GET"]}}],"collection":[{"href":"https:\/\/linitiative.ca\/International\/wp-json\/wp\/v2\/posts"}],"about":[{"href":"https:\/\/linitiative.ca\/International\/wp-json\/wp\/v2\/types\/post"}],"author":[{"embeddable":true,"href":"https:\/\/linitiative.ca\/International\/wp-json\/wp\/v2\/users\/1789"}],"replies":[{"embeddable":true,"href":"https:\/\/linitiative.ca\/International\/wp-json\/wp\/v2\/comments?post=35686"}],"version-history":[{"count":0,"href":"https:\/\/linitiative.ca\/International\/wp-json\/wp\/v2\/posts\/35686\/revisions"}],"wp:featuredmedia":[{"embeddable":true,"href":"https:\/\/linitiative.ca\/International\/wp-json\/"}],"wp:attachment":[{"href":"https:\/\/linitiative.ca\/International\/wp-json\/wp\/v2\/media?parent=35686"}],"wp:term":[{"taxonomy":"category","embeddable":true,"href":"https:\/\/linitiative.ca\/International\/wp-json\/wp\/v2\/categories?post=35686"},{"taxonomy":"post_tag","embeddable":true,"href":"https:\/\/linitiative.ca\/International\/wp-json\/wp\/v2\/tags?post=35686"}],"curies":[{"name":"wp","href":"https:\/\/api.w.org\/{rel}","templated":true}]}}