{"id":35690,"date":"2019-05-21T08:14:40","date_gmt":"2019-05-21T12:14:40","guid":{"rendered":"https:\/\/linitiative.ca\/International\/yassir-adil-la-transformation-de-la-ccis-de-casablanca-settat-devenait-necessaire\/"},"modified":"2019-05-21T08:14:40","modified_gmt":"2019-05-21T12:14:40","slug":"yassir-adil-la-transformation-de-la-ccis-de-casablanca-settat-devenait-necessaire","status":"publish","type":"post","link":"https:\/\/linitiative.ca\/International\/yassir-adil-la-transformation-de-la-ccis-de-casablanca-settat-devenait-necessaire\/","title":{"rendered":"Yassir Adil : \u00ab La transformation de la CCIS de Casablanca-Settat devenait n\u00e9cessaire \u00bb"},"content":{"rendered":"<p class=\"p1\">La Chambre de commerce, d\u2019industrie et de services (CCIS) de Casablanca-Settat s\u2019engage dans une vaste op\u00e9ration de restructuration. Cartographie \u00e9conomique de la r\u00e9gion, bonne gouvernance, d\u00e9ploiement de nouvelles prestations, entreprenariat social, digital, projet d\u2019institut sup\u00e9rieur avec des partenaires fran\u00e7ais de renomm\u00e9e\u2026, Yassir Adil d\u00e9cortique les nouveaux chantiers de CCIS de Casablanca-Settat. <span class=\"Apple-converted-space\">\u00a0\u00a0<\/span><\/p>\n<div class=\"c10\"\/>\n<p class=\"p1\"><span class=\"c11\"><strong><span class=\"s1\">Challenge\u00a0:<\/span> Quels sont les chantiers strat\u00e9giques pr\u00e9vus pour la restructuration de la CCIS de Casablanca-Settat ?\u00a0<\/strong><\/span><\/p>\n<p class=\"p2\"><span class=\"s2 c11\"><strong>Yassir Adil :<\/strong><\/span> <span class=\"s3\">Il s\u2019agit effectivement d\u2019un important programme de restructuration. Avec des structures presque v\u00e9tustes, et malgr\u00e9 le nouvel organigramme entr\u00e9 en vigueur en 2017, un projet de transformation de fond en comble de la Chambre de commerce, d\u2019industrie et de services de Casablanca-Settat (CCISCS) devenait n\u00e9cessaire pour abonder dans le sens des recommandations Royales pour les CCIS. Les chantiers du plan de d\u00e9veloppement ont \u00e9t\u00e9 b\u00e2tis autour d\u2019une nouvelle vision : celle de faire des institutions consulaires des acteurs de d\u00e9veloppement local. Cette vision s\u2019articule autour de 3 axes majeurs. Le premier concerne la mise en place de la gouvernance au sein de la CCISC en vue du passage de la CCIS au contr\u00f4le d\u2019accompagnement des chantiers de transformation et ce, \u00e0 travers, notamment, l\u2019impl\u00e9mentation des chantiers de l\u2019organisation de base, la mise en \u0153uvre du Project Management Office (PMO) et la conduite de changement. Le deuxi\u00e8me axe est celui du d\u00e9ploiement des prestations de services d\u2019int\u00e9r\u00eat g\u00e9n\u00e9ral et d\u2019int\u00e9r\u00eat concurrentiel r\u00e9pondant aux besoins des adh\u00e9rents. Quant au troisi\u00e8me axe, il porte sur la r\u00e9alisation de projets \u00e9conomiques g\u00e9n\u00e9rateurs de ressources permettant le renforcement de l\u2019autonomie financi\u00e8re des CCIS.<\/span><\/p>\n<p class=\"p1\"><span class=\"c11\"><strong>O\u00f9 en \u00eates-vous dans la concr\u00e9tisation de ces chantiers ?<\/strong><\/span><\/p>\n<p class=\"p2\">L\u2019impl\u00e9mentation des diff\u00e9rents chantiers est un enjeu crucial pour notre projet de transformation. A propos des projets de bonne gouvernance, les march\u00e9s relatifs au syst\u00e8me d\u2019information et la comptabilit\u00e9 g\u00e9n\u00e9rale seront incessamment lanc\u00e9s. Nous lancerons \u00e9galement les march\u00e9s relatifs \u00e0 l\u2019accompagnement de la Chambre dans son positionnement au niveau national et international. Cette ann\u00e9e, nous aspirons \u00e0 nous doter d\u2019une organisation qui sera au diapason des Chambres de commerce les plus performantes.<\/p>\n<p class=\"p2\">Il en est le cas \u00e9galement du d\u00e9ploiement des services d\u2019int\u00e9r\u00eat g\u00e9n\u00e9ral et dont l\u2019impl\u00e9mentation d\u00e9bute avec \u00abl\u2019espace d\u2019entreprise\u00bb de la CCISCS. Baptis\u00e9 \u00abMaison de l\u2019entreprise\u00bb, cette structure sera un des premiers services gratuits propos\u00e9s aux porteurs de projets et aux entreprises de la r\u00e9gion de Casablanca Settat dans les 4 sites de la CCISCS. D\u2019autres chantiers de services d\u2019int\u00e9r\u00eat g\u00e9n\u00e9ral sont en cours d\u2019\u00e9laboration comme le renforcement des d\u00e9marches administratives, la newsletter et la veille territoriale et l\u2019ouverture des guichets de proximit\u00e9. A ce propos, les Assises du commerce ont \u00e9t\u00e9 une occasion de signer les conventions cadres pour 3 guichets de proximit\u00e9 avec MAROC PME, l\u2019OMPIC, et l\u2019ASMEX. Les chantiers des services d\u2019int\u00e9r\u00eat concurrentiels seront quant \u00e0 eux lanc\u00e9s l\u2019ann\u00e9e prochaine.<\/p>\n<p class=\"p2\">Un autre axe majeur est celui de \u00ab l\u2019int\u00e9r\u00eat \u00e9conomique \u00bb qui va \u00eatre lanc\u00e9 ce mois-ci pour peaufiner le portefeuille de la CCISCS et faire ressortir les projets phares qui seront \u00e9ligibles au financement du fonds de d\u00e9veloppement industriel et dont l\u2019appel \u00e0 projet sera lanc\u00e9 incessamment par le minist\u00e8re de tutelle. Nous travaillons d\u00e9j\u00e0 sur nos projets et sommes \u00e0 un stade avanc\u00e9. Ainsi, le projet d\u2019institut sup\u00e9rieur de la CCISCS qui sera lanc\u00e9 avec des partenaires fran\u00e7ais de renomm\u00e9e est \u00e0 un stade avanc\u00e9.<\/p>\n<p class=\"p1\"><span class=\"c11\"><strong>Nombreux sont les op\u00e9rateurs \u00e9conomiques qui continuent de d\u00e9plorer l\u2019absence d\u2019informations fiables, au niveau de la CCIS de Casablanca, quant aux activit\u00e9s \u00e9conomiques au niveau de la r\u00e9gion. Quelles solutions ?<\/strong><\/span><\/p>\n<p class=\"p2\">Ce probl\u00e8me fut parmi mes principales pr\u00e9occupations lorsque j\u2019ai entam\u00e9 mon mandat et j\u2019en ai fait une priorit\u00e9. A l\u2019image des CCI r\u00e9put\u00e9es dans les pays avanc\u00e9s comme \u00e9tant les premi\u00e8res sources d\u2019information pour les op\u00e9rateurs \u00e9conomiques, nous figurons parmi les rares institutions de la r\u00e9gion \u00e0 avoir lanc\u00e9 un march\u00e9 pour un syst\u00e8me d\u2019information g\u00e9ographique de cartographie \u00e9conomique de Casablanca-Settat pour r\u00e9sorber le d\u00e9ficit en la mati\u00e8re. L\u2019op\u00e9rateur \u00e9conomique aura acc\u00e8s \u00e0 une information fiable et tr\u00e8s fine sur les entreprises, les zones industrielles, les administrations et toutes les informations \u00e9conomiques g\u00e9o-localis\u00e9es dans notre r\u00e9gion.<\/p>\n<p class=\"p1\"><span class=\"c11\"><strong>La CCIS, le minist\u00e8re de l\u2019Industrie et du Commerce et l\u2019OMPIC ont sign\u00e9 une convention-cadre de partenariat pour la mise en place d\u2019une nouvelle g\u00e9n\u00e9ration de prestations de service, les \u00ab Carr\u00e9s des innovateurs \u00bb. Comment la CCIS compte-t-elle d\u00e9ployer ce dispositif ?<\/strong><\/span><\/p>\n<p class=\"p2\">Nous avons d\u00e9j\u00e0 sign\u00e9 une convention avec l\u2019OMPIC qui permet aux cr\u00e9ateurs et entreprises de cr\u00e9er leur entreprise et d\u00e9poser leur marque \u00e0 la CCISCS. Nous signerons une deuxi\u00e8me convention avec cet Office qui s\u2019inscrit dans la convention tripartite sign\u00e9e \u00e0 Marrakech en avril dernier et qui stipule le d\u00e9veloppement de nouveaux services pour accompagner les porteurs de projets, les investisseurs et les entreprises dans les domaines de l\u2019entrepreneuriat, l\u2019innovation, la technologie et le d\u00e9veloppement des marques commerciales. Ces nouveaux services seront d\u00e9ploy\u00e9s par un guichet qui sera ouvert sur les 4 sites de la CCISCS.<\/p>\n<p class=\"p2\">Nous sommes en train d\u2019\u00e9tudier les modalit\u00e9s d\u2019impl\u00e9mentation du \u00abCarr\u00e9 des innovateurs\u00bb pour lequel il y a une vraie demande de la part des entreprises, notamment dans notre r\u00e9gion qui ne peut qu\u2019\u00eatre dans la phase pilote pr\u00e9vue par notre f\u00e9d\u00e9ration. Le concept me semble porteur pour cr\u00e9er une v\u00e9ritable synergie entre les composantes de l\u2019\u00e9cosyst\u00e8me de l\u2019innovation. Nous allons entamer l\u2019accompagnement \u00e0 travers le guichet Maroc PME qui cible les jeunes entreprises innovatrices.<\/p>\n<p class=\"p1\"><span class=\"c11\"><strong><span class=\"s3\">La CCIS de Casablanca nourrit aujourd\u2019hui de grandes ambitions en mati\u00e8re de transformation digitale, mais aussi dans le domaine de l\u2019entrepreneuriat social. O\u00f9 en \u00eates-vous dans ces 2 projets strat\u00e9giques ?<\/span><\/strong><\/span><\/p>\n<p class=\"p2\">En effet, nous nous positionnons sur ces cr\u00e9neaux pour lesquels nous lan\u00e7ons divers projets. Ainsi, notre Institut d\u00e9veloppera et proposera une offre de formation ax\u00e9e sur les m\u00e9tiers du digital. Le diagnostic de la formation professionnelle men\u00e9 sur toutes les r\u00e9gions a \u00e9rig\u00e9 ces m\u00e9tiers en axes strat\u00e9giques approuvant par l\u00e0 notre choix qui s\u2019inscrit en rupture avec les mod\u00e8les suivis jusque-l\u00e0 par les CCIS. Notre vocation est que les instituts consulaires proposent une offre compl\u00e9mentaire tirant vers le haut le secteur de formation dans la r\u00e9gion.<\/p>\n<p class=\"p2\">Sur le chapitre de la promotion de l\u2019entreprenariat social, sachez qu\u2019il est au centre des pr\u00e9occupations de notre politique, et donc, du guichet qui sera ouvert en partenariat avec Maroc PME et qui ciblera l\u2019entrepreneur social et lui d\u00e9diera un accompagnement dans le cadre du r\u00e9gime de l\u2019auto entrepreneur, mais aussi des jeunes entreprises innovantes. Avec Maroc PME, nous avons toujours r\u00e9ussi \u00e0 obtenir des r\u00e9sultats probants, mais les programmes \u00e9taient con\u00e7us \u00e0 l\u2019\u00e9chelle nationale. D\u00e9sormais, le guichet, qui fera office d\u2019antenne r\u00e9gionale de cette agence, nous permettra de fixer des objectifs \u00e0 la mesure de nos ambitions pour notre r\u00e9gion.<\/p>\n<p class=\"p1\"><span class=\"c11\"><strong><span class=\"s3\">Pensez-vous que cette vaste op\u00e9ration de restructuration suffira \u00e0 la CCIS pour sortir de l\u2019ombre des chambres de commerce \u00e9trang\u00e8res ?<\/span><\/strong><\/span><\/p>\n<p class=\"p2\">Je suis convaincu que l\u2019ensemble des d\u00e9cisions qui ont \u00e9t\u00e9 prises jusque-l\u00e0 ainsi que le soutien de notre tutelle, permettra aux CCIS de briguer les places qui leur reviennent tout en retrouvant leurs lettres de noblesses et repr\u00e9senter dignement le secteur priv\u00e9, mission qui leur est conf\u00e9r\u00e9e. Dans la r\u00e9gion de Casablanca-Settat, nous avons lanc\u00e9 plusieurs chantiers innovants et importants et d\u2019autres le seront incessamment. Nous sommes soucieux de r\u00e9pondre aux attentes et aux besoins des entreprises et \u0153uvrons pour leur proposer des projets qui vont les hisser \u00e0 des niveaux sup\u00e9rieurs. Nous allons continuer et renforcer notre r\u00f4le d\u2019acteur incontournable dans la r\u00e9gion pour accompagner les entreprises dans leur d\u00e9veloppement, et cela que ce soit au niveau local, r\u00e9gional qu\u2019international. La CCISCS se dote de tous les moyens pour toujours mieux servir les int\u00e9r\u00eats de la communaut\u00e9 et les accompagner \u00e0 faire face aux mutations des march\u00e9s.<\/p>\n<p class=\"p1\"><span class=\"c11\"><strong>Son actu<\/strong><\/span><\/p>\n<p class=\"p2\">La Chambre de commerce, d\u2019industrie et de services (CCIS) de Casablanca d\u00e9roule actuellement une grande op\u00e9ration de mise \u00e0 niveau. Un projet pr\u00e9vu dans le contrat-programme sign\u00e9, l\u2019ann\u00e9e derni\u00e8re, avec le gouvernement, \u00e0 l\u2019instar des autres chambres du pays.<\/p>\n<p class=\"p1\"><span class=\"c11\"><strong>Son parcours<\/strong><\/span><\/p>\n<p class=\"p2\"><span class=\"s1\">Dirigeant d\u2019un groupe de soci\u00e9t\u00e9s d\u2019assurance, de transfert d\u2019argent, et de promotion immobili\u00e8re, Yassir Adil avait \u00e9t\u00e9 \u00e9lu, l\u2019ann\u00e9e derni\u00e8re, \u00e0 l\u2019unanimit\u00e9 \u00e0 la t\u00eate de la CCIS de Casablanca-Settat. N\u00e9 en 1978, il est un homme d\u2019affaires \u00e0 plusieurs casquettes : Yassir Adil est membre de conseils d\u2019administrations de plusieurs \u00e9tablissements publics et membre de l\u2019observatoire des d\u00e9lais de paiement. Cet ancien d\u00e9put\u00e9 \u00e0 la Chambre des repr\u00e9sentants et Vice-pr\u00e9sident de la Commission des finances, membre du bureau Politique de l\u2019Union constitutionnelle, est titulaire d\u2019un bachelor en administration des affaires de l\u2019Universit\u00e9 du Qu\u00e9bec \u00e0 Montr\u00e9al.\u00a0<\/span><\/p>\n<div class=\"c18\">\n<fieldset class=\"c17\">\n<legend><strong><span class=\"c12\">Challenge<\/span><span class=\"c13\">news<\/span><\/strong><\/legend>\n<div class=\"c16\">Le meilleur de la r\u00e9daction s\u00e9lectionn\u00e9 par Challenge :<\/p>\n<\/div>\n<\/fieldset>\n<\/div>\n<p>Auteur: Adama Sylla<br \/>\n<a href=\"https:\/\/www.challenge.ma\/yassir-adil-un-projet-de-transformation-de-la-ccis-de-casablanca-settat-devenait-necessaire-109365\/\">Cliquez ici pour lire l&rsquo;article depuis sa source.<\/a><\/p>\n","protected":false},"excerpt":{"rendered":"<p>La Chambre de commerce, d\u2019industrie et de services (CCIS) de Casablanca-Settat s\u2019engage dans une vaste op\u00e9ration de restructuration. Cartographie \u00e9conomique de la r\u00e9gion, bonne gouvernance, d\u00e9ploiement de nouvelles prestations, entreprenariat social, digital, projet d\u2019institut sup\u00e9rieur avec des partenaires fran\u00e7ais de renomm\u00e9e\u2026, Yassir Adil d\u00e9cortique les nouveaux chantiers de CCIS de Casablanca-Settat. \u00a0\u00a0 Challenge\u00a0: Quels sont [&hellip;]<\/p>\n","protected":false},"author":1787,"featured_media":0,"comment_status":"closed","ping_status":"closed","sticky":false,"template":"","format":"standard","meta":{"fifu_image_url":"","fifu_image_alt":"","footnotes":""},"categories":[78,54],"tags":[],"class_list":["post-35690","post","type-post","status-publish","format-standard","hentry","category-economie","category-maroc"],"_links":{"self":[{"href":"https:\/\/linitiative.ca\/International\/wp-json\/wp\/v2\/posts\/35690","targetHints":{"allow":["GET"]}}],"collection":[{"href":"https:\/\/linitiative.ca\/International\/wp-json\/wp\/v2\/posts"}],"about":[{"href":"https:\/\/linitiative.ca\/International\/wp-json\/wp\/v2\/types\/post"}],"author":[{"embeddable":true,"href":"https:\/\/linitiative.ca\/International\/wp-json\/wp\/v2\/users\/1787"}],"replies":[{"embeddable":true,"href":"https:\/\/linitiative.ca\/International\/wp-json\/wp\/v2\/comments?post=35690"}],"version-history":[{"count":0,"href":"https:\/\/linitiative.ca\/International\/wp-json\/wp\/v2\/posts\/35690\/revisions"}],"wp:attachment":[{"href":"https:\/\/linitiative.ca\/International\/wp-json\/wp\/v2\/media?parent=35690"}],"wp:term":[{"taxonomy":"category","embeddable":true,"href":"https:\/\/linitiative.ca\/International\/wp-json\/wp\/v2\/categories?post=35690"},{"taxonomy":"post_tag","embeddable":true,"href":"https:\/\/linitiative.ca\/International\/wp-json\/wp\/v2\/tags?post=35690"}],"curies":[{"name":"wp","href":"https:\/\/api.w.org\/{rel}","templated":true}]}}