{"id":35691,"date":"2019-05-21T08:44:00","date_gmt":"2019-05-21T12:44:00","guid":{"rendered":"https:\/\/linitiative.ca\/International\/tunis-abrite-le-7-juin-le-forum-de-la-societe-civile-des-etats-du-dialogue-55\/"},"modified":"2019-05-21T08:44:00","modified_gmt":"2019-05-21T12:44:00","slug":"tunis-abrite-le-7-juin-le-forum-de-la-societe-civile-des-etats-du-dialogue-55","status":"publish","type":"post","link":"https:\/\/linitiative.ca\/International\/tunis-abrite-le-7-juin-le-forum-de-la-societe-civile-des-etats-du-dialogue-55\/","title":{"rendered":"Tunis abrite le 7 juin le Forum de la soci\u00e9t\u00e9 civile des Etats du dialogue  5+5"},"content":{"rendered":"<p>Tunis abritera le 7 juin le forum de la soci\u00e9t\u00e9 civile des pays du Dialogue 5+5 qui pr\u00e9c\u00e8de le sommet des deux rives qui aura lieu le 24 du m\u00eame mois \u00e0 Marseille.<\/p>\n<p>Le pr\u00e9sident fran\u00e7ais Emmanuel Macron avait annonc\u00e9 pour la premi\u00e8re fois, devant l\u2019ARP lors de sa visite d\u2019Etat en Tunisie en janvier 2018, la tenue de ce sommet en pr\u00e9sence\u00a0 des\u00a0 chefs d\u2019Etat et de gouvernement des dix pays en plus de l\u2019Union Europ\u00e9enne, de l\u2019Allemagne, de six associations m\u00e9diterran\u00e9ennes et internationales ainsi que d&rsquo;une centaine de repr\u00e9sentants de la soci\u00e9t\u00e9 civile dans les Etats du dialogue 5+5 \u00e0 raison de 10 repr\u00e9sentants par pays. A charge pour la forum de Tunis d\u2019\u00e9laborer la synth\u00e8se des forums des cinq forums pr\u00e9paratoires\u00a0 du sommet et la r\u00e9daction de la D\u00e9claration des Cent qui sera soumise aux chefs d\u2019Etat et de gouvernements qui ont pris part au sommet avec une liste des projets et des initiatives \u00e0 caract\u00e8re r\u00e9gional.<br \/>\u00a0<\/p>\n<p>Auteur:<br \/>\n<a href=\"https:\/\/www.leaders.com.tn\/article\/27153-tunis-abrite-le-7-juin-le-forum-de-la-societe-civile-des-etats-du-dialogue-5-5\">Cliquez ici pour lire l&rsquo;article depuis sa source.<\/a><\/p>\n","protected":false},"excerpt":{"rendered":"<p>Tunis abritera le 7 juin le forum de la soci\u00e9t\u00e9 civile des pays du Dialogue 5+5 qui pr\u00e9c\u00e8de le sommet des deux rives qui aura lieu le 24 du m\u00eame mois \u00e0 Marseille. Le pr\u00e9sident fran\u00e7ais Emmanuel Macron avait annonc\u00e9 pour la premi\u00e8re fois, devant l\u2019ARP lors de sa visite d\u2019Etat en Tunisie en janvier [&hellip;]<\/p>\n","protected":false},"author":1772,"featured_media":0,"comment_status":"closed","ping_status":"closed","sticky":false,"template":"","format":"standard","meta":{"fifu_image_url":"","fifu_image_alt":"","footnotes":""},"categories":[73,55],"tags":[],"class_list":["post-35691","post","type-post","status-publish","format-standard","hentry","category-actualite","category-tunisie"],"_links":{"self":[{"href":"https:\/\/linitiative.ca\/International\/wp-json\/wp\/v2\/posts\/35691","targetHints":{"allow":["GET"]}}],"collection":[{"href":"https:\/\/linitiative.ca\/International\/wp-json\/wp\/v2\/posts"}],"about":[{"href":"https:\/\/linitiative.ca\/International\/wp-json\/wp\/v2\/types\/post"}],"author":[{"embeddable":true,"href":"https:\/\/linitiative.ca\/International\/wp-json\/wp\/v2\/users\/1772"}],"replies":[{"embeddable":true,"href":"https:\/\/linitiative.ca\/International\/wp-json\/wp\/v2\/comments?post=35691"}],"version-history":[{"count":0,"href":"https:\/\/linitiative.ca\/International\/wp-json\/wp\/v2\/posts\/35691\/revisions"}],"wp:attachment":[{"href":"https:\/\/linitiative.ca\/International\/wp-json\/wp\/v2\/media?parent=35691"}],"wp:term":[{"taxonomy":"category","embeddable":true,"href":"https:\/\/linitiative.ca\/International\/wp-json\/wp\/v2\/categories?post=35691"},{"taxonomy":"post_tag","embeddable":true,"href":"https:\/\/linitiative.ca\/International\/wp-json\/wp\/v2\/tags?post=35691"}],"curies":[{"name":"wp","href":"https:\/\/api.w.org\/{rel}","templated":true}]}}