{"id":35694,"date":"2019-05-21T09:22:45","date_gmt":"2019-05-21T13:22:45","guid":{"rendered":"https:\/\/linitiative.ca\/International\/tunisie-perez-trabelsi-annonce-un-iftar-pour-les-musulmans-a-la-synagogue-la-ghriba\/"},"modified":"2019-05-21T09:22:45","modified_gmt":"2019-05-21T13:22:45","slug":"tunisie-perez-trabelsi-annonce-un-iftar-pour-les-musulmans-a-la-synagogue-la-ghriba","status":"publish","type":"post","link":"https:\/\/linitiative.ca\/International\/tunisie-perez-trabelsi-annonce-un-iftar-pour-les-musulmans-a-la-synagogue-la-ghriba\/","title":{"rendered":"Tunisie: Perez Trabelsi annonce un Iftar pour les musulmans \u00e0 la Synagogue La Ghriba"},"content":{"rendered":"<div class=\"post-cont-in left relative\">\n<p>Le pr\u00e9sident de l\u2019Association La Ghriba \u00e0 l\u2019\u00eele de Djerba, Perez Trabelsi a annonc\u00e9 qu\u2019un Iftar (repas de rupture de je\u00fbne chez les musulmans) sera organis\u00e9 \u00e0 la synagogue en l\u2019honneur du chef du gouvernement, Youssef Chahed, des ministres du Tourisme, des Affaires culturelles et religieuses, ainsi qu\u2019un certain nombre d\u2019officiels qui prendront part \u00e0 l\u2019inauguration de la visite officielle annuelle \u00e0 ce lieu de culte juif.<\/p>\n<p>Des ambassadeurs de plusieurs pays, tels que les \u00c9tats-Unis, la France, la Grande-Bretagne, l\u2019Allemagne et la Turquie, devraient \u00e9galement y assister.<\/p>\n<div class=\"code-block code-block-1 c3\"><ins class=\"adsbygoogle c2\" data-ad-layout=\"in-article\" data-ad-format=\"fluid\" data-ad-client=\"ca-pub-2102118777505746\" data-ad-slot=\"7301775417\"\/> <\/div>\n<p>On s\u2019attend \u00e0 ce que le nombre de visiteurs cette ann\u00e9e se situe entre 6.000 et 7.000 personnes, apr\u00e8s avoir \u00e9t\u00e9 d\u2019environ deux mille l\u2019an dernier, a annonc\u00e9 Perez Trabelsi, dans une d\u00e9claration \u00e0 radio Jawhara Fm.<\/p>\n<p>Trabelsi a d\u00e9clar\u00e9 mardi que l\u2019\u00eele s\u2019est lanc\u00e9e depuis le 18 mai pour accueillir les visiteurs de La Ghriba, ce qui a contribu\u00e9 \u00e0 la revitalisation du mouvement \u00e9conomique dans la r\u00e9gion et rempli la majeure partie des h\u00f4tels de Djerba.<br \/>La saison des p\u00e8lerinages aura lieu cette ann\u00e9e les 22 et 23 mai, co\u00efncidant avec le mois sacr\u00e9 du Ramadan pour la premi\u00e8re fois\u00a0depuis 32 ans.<\/p>\n<div class=\"mvp-org-wrap mvp-org-logo\" itemprop=\"publisher\" itemscope=\"\" itemtype=\"https:\/\/schema.org\/Organization\"><img decoding=\"async\" src=\"https:\/\/www.tunisienumerique.com\/wp-content\/uploads\/2017\/02\/logo_tunisie_numerique.png\"\/><\/div>\n<div class=\"mvp-related-posts left relative\">\n<h4 class=\"post-header\"><span class=\"post-header\">Lire aussi<\/span><\/h4>\n<\/div>\n<\/div>\n<p>Auteur: Mourad S<br \/>\n<a href=\"https:\/\/www.tunisienumerique.com\/tunisie-perez-trabelsi-annonce-un-iftar-pour-les-musulmans-a-synagogue-la-ghriba\/\">Cliquez ici pour lire l&rsquo;article depuis sa source.<\/a><\/p>\n","protected":false},"excerpt":{"rendered":"<p>Le pr\u00e9sident de l\u2019Association La Ghriba \u00e0 l\u2019\u00eele de Djerba, Perez Trabelsi a annonc\u00e9 qu\u2019un Iftar (repas de rupture de je\u00fbne chez les musulmans) sera organis\u00e9 \u00e0 la synagogue en l\u2019honneur du chef du gouvernement, Youssef Chahed, des ministres du Tourisme, des Affaires culturelles et religieuses, ainsi qu\u2019un certain nombre d\u2019officiels qui prendront part \u00e0 [&hellip;]<\/p>\n","protected":false},"author":1789,"featured_media":35698,"comment_status":"closed","ping_status":"closed","sticky":false,"template":"","format":"standard","meta":{"fifu_image_url":"","fifu_image_alt":"","footnotes":""},"categories":[73,55],"tags":[],"class_list":["post-35694","post","type-post","status-publish","format-standard","has-post-thumbnail","hentry","category-actualite","category-tunisie"],"_links":{"self":[{"href":"https:\/\/linitiative.ca\/International\/wp-json\/wp\/v2\/posts\/35694","targetHints":{"allow":["GET"]}}],"collection":[{"href":"https:\/\/linitiative.ca\/International\/wp-json\/wp\/v2\/posts"}],"about":[{"href":"https:\/\/linitiative.ca\/International\/wp-json\/wp\/v2\/types\/post"}],"author":[{"embeddable":true,"href":"https:\/\/linitiative.ca\/International\/wp-json\/wp\/v2\/users\/1789"}],"replies":[{"embeddable":true,"href":"https:\/\/linitiative.ca\/International\/wp-json\/wp\/v2\/comments?post=35694"}],"version-history":[{"count":0,"href":"https:\/\/linitiative.ca\/International\/wp-json\/wp\/v2\/posts\/35694\/revisions"}],"wp:featuredmedia":[{"embeddable":true,"href":"https:\/\/linitiative.ca\/International\/wp-json\/"}],"wp:attachment":[{"href":"https:\/\/linitiative.ca\/International\/wp-json\/wp\/v2\/media?parent=35694"}],"wp:term":[{"taxonomy":"category","embeddable":true,"href":"https:\/\/linitiative.ca\/International\/wp-json\/wp\/v2\/categories?post=35694"},{"taxonomy":"post_tag","embeddable":true,"href":"https:\/\/linitiative.ca\/International\/wp-json\/wp\/v2\/tags?post=35694"}],"curies":[{"name":"wp","href":"https:\/\/api.w.org\/{rel}","templated":true}]}}