{"id":35695,"date":"2019-05-21T10:37:13","date_gmt":"2019-05-21T14:37:13","guid":{"rendered":"https:\/\/linitiative.ca\/International\/lespagne-toujours-en-tete-des-partenaires-commerciaux-du-maroc\/"},"modified":"2019-05-21T10:37:13","modified_gmt":"2019-05-21T14:37:13","slug":"lespagne-toujours-en-tete-des-partenaires-commerciaux-du-maroc","status":"publish","type":"post","link":"https:\/\/linitiative.ca\/International\/lespagne-toujours-en-tete-des-partenaires-commerciaux-du-maroc\/","title":{"rendered":"L\u2019Espagne toujours en t\u00eate des partenaires commerciaux du Maroc"},"content":{"rendered":"<p>Pour la septi\u00e8me ann\u00e9e cons\u00e9cutive, l\u2019Espagne s\u2019est maintenue comme le premier partenaire commercial du Maroc au premier trimestre 2019, aussi bien en termes d\u2019exportations que d\u2019importations, selon des donn\u00e9es publi\u00e9es par l\u2019Office statistique de l\u2019Union europ\u00e9enne (Eurostat).<\/p>\n<div class=\"c10\"\/>\n<p>La valeur des exportations espagnoles vers le Maroc s\u2019est \u00e9lev\u00e9e \u00e0 2.091 millions d\u2019euros \u00e0 fin mars dernier, en baisse de 1,28% par rapport \u00e0 la m\u00eame p\u00e9riode de l\u2019ann\u00e9e pr\u00e9c\u00e9dente, pr\u00e9cise la m\u00eame source, faisant observer que le Royaume a \u00e9t\u00e9, durant cette p\u00e9riode, la 8\u00e8 destination mondiale des biens espagnols et la deuxi\u00e8me en dehors de l\u2019Union europ\u00e9enne (UE).<\/p>\n<p>L\u2019Espagne a ainsi maintenu sa position de premier fournisseur du Maroc, en s\u2019accaparant 33,5% du total des exportations europ\u00e9ennes vers le Royaume au 1er trimestre 2019, devan\u00e7ant la France (21,6%), l\u2019Allemagne (8,9%), l\u2019Italie (8,0%) et les Pays-Bas (5,1%).<\/p>\n<p>Pour leur part, la valeur des importations de produits marocains par l\u2019Espagne a atteint 1.841 millions d\u2019euros au premier trimestre de l\u2019ann\u00e9e en cours, enregistrant une hausse de 7,95% sur un an.<\/p>\n<p>Le pays ib\u00e9rique a \u00e9t\u00e9 aussi le premier client du Maroc au cours des trois premiers mois de 2019, en s\u2019adjugeant 41,1% du total des importations de l\u2019UE d\u2019origine marocaine, soit 7,7% de plus qu\u2019une ann\u00e9e auparavant, suivi de la France (29,3%), l\u2019Italie (6,1%), l\u2019Allemagne (6,1%) et le Royaume-Uni (4,7%).<\/p>\n<p>Le taux de couverture de l\u2019Espagne par rapport au Maroc a poursuivi sa tendance baissi\u00e8re, en passant de 123,59% en 2018 \u00e0 113,6% au premier trimestre 2019, ce qui confirme la compl\u00e9mentarit\u00e9 entre les deux pays et l\u2019\u00e9volution vers un \u00e9quilibre entre leurs exportations et importations.<\/p>\n<p>Par ailleurs, le nombre d\u2019entreprises espagnoles ayant export\u00e9 des biens au Maroc s\u2019est \u00e9tabli \u00e0 10.983 unit\u00e9s au cours des trois premiers mois de 2019, en hausse de 11,2% sur un an. 5.230 des ces entreprises sont des exportateurs r\u00e9guliers (+9,3%).<\/p>\n<p>Toujours selon l\u2019Eurostat, les exportations de l\u2019UE vers le Maroc ont augment\u00e9 de 4,55% \u00e0 fin mars dernier, en glissement annuel. Le Royaume est devenu le 38\u00e8me client de l\u2019UE \u00e0 travers le monde, alors que sa part dans les exportations europ\u00e9ennes totales est pass\u00e9e de 0,4% en 2018 \u00e0 0,5% au premier trimestre 2019.<\/p>\n<p>Concernant les importations de l\u2019UE en provenance du Maroc, elles ont augment\u00e9 de 6,4% entre janvier et mars derniers, permettant au Royaume de se situer au 47\u00e8me rang des fournisseurs de l\u2019Union, rel\u00e8ve la m\u00eame source.<\/p>\n<div class=\"c17\">\n<fieldset class=\"c16\">\n<legend><strong><span class=\"c11\">Challenge<\/span><span class=\"c12\">news<\/span><\/strong><\/legend>\n<div class=\"c15\">Le meilleur de la r\u00e9daction s\u00e9lectionn\u00e9 par Challenge :<\/p>\n<\/div>\n<\/fieldset>\n<\/div>\n<p>Auteur: Hassan Manyani<br \/>\n<a href=\"https:\/\/www.challenge.ma\/lespagne-toujours-en-tete-des-partenaires-commerciaux-du-maroc-109388\/\">Cliquez ici pour lire l&rsquo;article depuis sa source.<\/a><\/p>\n","protected":false},"excerpt":{"rendered":"<p>Pour la septi\u00e8me ann\u00e9e cons\u00e9cutive, l\u2019Espagne s\u2019est maintenue comme le premier partenaire commercial du Maroc au premier trimestre 2019, aussi bien en termes d\u2019exportations que d\u2019importations, selon des donn\u00e9es publi\u00e9es par l\u2019Office statistique de l\u2019Union europ\u00e9enne (Eurostat). La valeur des exportations espagnoles vers le Maroc s\u2019est \u00e9lev\u00e9e \u00e0 2.091 millions d\u2019euros \u00e0 fin mars dernier, [&hellip;]<\/p>\n","protected":false},"author":1787,"featured_media":0,"comment_status":"closed","ping_status":"closed","sticky":false,"template":"","format":"standard","meta":{"fifu_image_url":"","fifu_image_alt":"","footnotes":""},"categories":[78,54],"tags":[],"class_list":["post-35695","post","type-post","status-publish","format-standard","hentry","category-economie","category-maroc"],"_links":{"self":[{"href":"https:\/\/linitiative.ca\/International\/wp-json\/wp\/v2\/posts\/35695","targetHints":{"allow":["GET"]}}],"collection":[{"href":"https:\/\/linitiative.ca\/International\/wp-json\/wp\/v2\/posts"}],"about":[{"href":"https:\/\/linitiative.ca\/International\/wp-json\/wp\/v2\/types\/post"}],"author":[{"embeddable":true,"href":"https:\/\/linitiative.ca\/International\/wp-json\/wp\/v2\/users\/1787"}],"replies":[{"embeddable":true,"href":"https:\/\/linitiative.ca\/International\/wp-json\/wp\/v2\/comments?post=35695"}],"version-history":[{"count":0,"href":"https:\/\/linitiative.ca\/International\/wp-json\/wp\/v2\/posts\/35695\/revisions"}],"wp:attachment":[{"href":"https:\/\/linitiative.ca\/International\/wp-json\/wp\/v2\/media?parent=35695"}],"wp:term":[{"taxonomy":"category","embeddable":true,"href":"https:\/\/linitiative.ca\/International\/wp-json\/wp\/v2\/categories?post=35695"},{"taxonomy":"post_tag","embeddable":true,"href":"https:\/\/linitiative.ca\/International\/wp-json\/wp\/v2\/tags?post=35695"}],"curies":[{"name":"wp","href":"https:\/\/api.w.org\/{rel}","templated":true}]}}