{"id":35700,"date":"2019-05-21T09:23:17","date_gmt":"2019-05-21T13:23:17","guid":{"rendered":"https:\/\/linitiative.ca\/International\/tunisie-le-ministre-des-domaines-de-letat-rencontre-lambassadeur-du-portugal-en-tunisie\/"},"modified":"2019-05-21T09:23:17","modified_gmt":"2019-05-21T13:23:17","slug":"tunisie-le-ministre-des-domaines-de-letat-rencontre-lambassadeur-du-portugal-en-tunisie","status":"publish","type":"post","link":"https:\/\/linitiative.ca\/International\/tunisie-le-ministre-des-domaines-de-letat-rencontre-lambassadeur-du-portugal-en-tunisie\/","title":{"rendered":"Tunisie- Le ministre des Domaines de l\u2019Etat rencontre l\u2019ambassadeur du Portugal en Tunisie"},"content":{"rendered":"<div class=\"post-cont-in left relative\">\n<p>Le ministre des Domaines de l\u2019Etat et des affaires fonci\u00e8res,\u00a0H\u00e9di Mekni a re\u00e7u aujourd\u2019hui, au si\u00e8ge du minist\u00e8re M. Jos\u00e9 Ludovice, ambassadeur du Portugal en Tunisie, venu lui rendre une visite de contact et de courtoisie.<\/p>\n<p>La rencontre a pass\u00e9 en revue l\u2019\u00e9tat des lieux des relations bilat\u00e9rales entre les deux pays dans plusieurs domaines et la n\u00e9cessit\u00e9 de les renforcer en rapport avec les mesures importantes prises par le gouvernement tunisien pour booster les investissements \u00e9trangers en Tunisie.<\/p>\n<div class=\"code-block code-block-1 c3\"><ins class=\"adsbygoogle c2\" data-ad-layout=\"in-article\" data-ad-format=\"fluid\" data-ad-client=\"ca-pub-2102118777505746\" data-ad-slot=\"7301775417\"\/> <\/div>\n<p>H\u00e9di Mekni a insist\u00e9, \u00e0 ce titre, sur la disposition des services de son d\u00e9partement \u00e0 mettre \u00e0 la disposition des investisseurs portugais toutes les facilit\u00e9s n\u00e9cessaires en rapport avec le foncier et de concevoir des nouvelles approches d\u2019investissements b\u00e9n\u00e9fiques aux deux pays, en concertation avec les diff\u00e9rentes parties officielles concern\u00e9es et en rapport avec les sp\u00e9cificit\u00e9s des projets \u00e0 r\u00e9aliser, dans plus d\u2019un secteur.<\/p>\n<p><strong>\u00a0<\/strong><\/p>\n<div class=\"mvp-org-wrap mvp-org-logo\" itemprop=\"publisher\" itemscope=\"\" itemtype=\"https:\/\/schema.org\/Organization\"><img decoding=\"async\" src=\"https:\/\/www.tunisienumerique.com\/wp-content\/uploads\/2017\/02\/logo_tunisie_numerique.png\"\/><\/div>\n<div class=\"mvp-related-posts left relative\">\n<h4 class=\"post-header\"><span class=\"post-header\">Lire aussi<\/span><\/h4>\n<\/div>\n<\/div>\n<p>Auteur: Laameri Dorsaf<br \/>\n<a href=\"https:\/\/www.tunisienumerique.com\/tunisie-le-ministre-des-domaines-de-letat-rencontre-lambassadeur-du-portugal-en-tunisie\/\">Cliquez ici pour lire l&rsquo;article depuis sa source.<\/a><\/p>\n","protected":false},"excerpt":{"rendered":"<p>Le ministre des Domaines de l\u2019Etat et des affaires fonci\u00e8res,\u00a0H\u00e9di Mekni a re\u00e7u aujourd\u2019hui, au si\u00e8ge du minist\u00e8re M. Jos\u00e9 Ludovice, ambassadeur du Portugal en Tunisie, venu lui rendre une visite de contact et de courtoisie. La rencontre a pass\u00e9 en revue l\u2019\u00e9tat des lieux des relations bilat\u00e9rales entre les deux pays dans plusieurs domaines [&hellip;]<\/p>\n","protected":false},"author":1789,"featured_media":35702,"comment_status":"closed","ping_status":"closed","sticky":false,"template":"","format":"standard","meta":{"fifu_image_url":"","fifu_image_alt":"","footnotes":""},"categories":[73,55],"tags":[],"class_list":["post-35700","post","type-post","status-publish","format-standard","has-post-thumbnail","hentry","category-actualite","category-tunisie"],"_links":{"self":[{"href":"https:\/\/linitiative.ca\/International\/wp-json\/wp\/v2\/posts\/35700","targetHints":{"allow":["GET"]}}],"collection":[{"href":"https:\/\/linitiative.ca\/International\/wp-json\/wp\/v2\/posts"}],"about":[{"href":"https:\/\/linitiative.ca\/International\/wp-json\/wp\/v2\/types\/post"}],"author":[{"embeddable":true,"href":"https:\/\/linitiative.ca\/International\/wp-json\/wp\/v2\/users\/1789"}],"replies":[{"embeddable":true,"href":"https:\/\/linitiative.ca\/International\/wp-json\/wp\/v2\/comments?post=35700"}],"version-history":[{"count":0,"href":"https:\/\/linitiative.ca\/International\/wp-json\/wp\/v2\/posts\/35700\/revisions"}],"wp:featuredmedia":[{"embeddable":true,"href":"https:\/\/linitiative.ca\/International\/wp-json\/"}],"wp:attachment":[{"href":"https:\/\/linitiative.ca\/International\/wp-json\/wp\/v2\/media?parent=35700"}],"wp:term":[{"taxonomy":"category","embeddable":true,"href":"https:\/\/linitiative.ca\/International\/wp-json\/wp\/v2\/categories?post=35700"},{"taxonomy":"post_tag","embeddable":true,"href":"https:\/\/linitiative.ca\/International\/wp-json\/wp\/v2\/tags?post=35700"}],"curies":[{"name":"wp","href":"https:\/\/api.w.org\/{rel}","templated":true}]}}