{"id":35709,"date":"2019-05-21T10:00:52","date_gmt":"2019-05-21T14:00:52","guid":{"rendered":"https:\/\/linitiative.ca\/International\/tunisie-derniere-minute-liberation-de-lexpert-onusien-moncef-kartas\/"},"modified":"2019-05-21T10:00:52","modified_gmt":"2019-05-21T14:00:52","slug":"tunisie-derniere-minute-liberation-de-lexpert-onusien-moncef-kartas","status":"publish","type":"post","link":"https:\/\/linitiative.ca\/International\/tunisie-derniere-minute-liberation-de-lexpert-onusien-moncef-kartas\/","title":{"rendered":"Tunisie: Derni\u00e8re minute, lib\u00e9ration de l\u2019expert onusien Moncef Kartas"},"content":{"rendered":"<div class=\"post-cont-in left relative\">\n<p>La chambre d\u2019accusation a d\u00e9cid\u00e9 mardi, la lib\u00e9ration de l\u2019expert onusien Moncef Kartas, suite \u00e0 la demande de son comit\u00e9 de d\u00e9fense, selon son avocat Me Mohamed ben Brahem.<\/p>\n<p>Ben Brahem a pr\u00e9cis\u00e9 que son client quitte la prison Al Mornaguia ce mardi, soulignant que son dossier sera r\u00e9examin\u00e9 par le juge d\u2019instruction.<\/p>\n<div class=\"code-block code-block-1 c3\"><ins class=\"adsbygoogle c2\" data-ad-layout=\"in-article\" data-ad-format=\"fluid\" data-ad-client=\"ca-pub-2102118777505746\" data-ad-slot=\"7301775417\"\/> <\/div>\n<p>Il est \u00e0 noter que le 11 avril, deux mandats d\u2019emprisonnement ont \u00e9t\u00e9 \u00e9mis \u00e0 l\u2019encontre de Kartas et une autre personne dans une affaire concernant \u201cl\u2019obtention et la divulgation d\u00e9lib\u00e9r\u00e9es d\u2019informations et de donn\u00e9es de s\u00e9curit\u00e9 relatives au domaine de la lutte contre le terrorisme dans des circonstances autres que celles autoris\u00e9es par la loi\u201d.<\/p>\n<p>Les Nations Unies ont appel\u00e9 la Tunisie \u00e0 lib\u00e9rer l\u2019expert de l\u2019ONU, Moncef Kortas.<\/p>\n<p>Le ministre de l\u2019Int\u00e9rieur, Hichem Fourati\u00a0a affirm\u00e9 que les charges retenues contre les d\u00e9tenus sont prouv\u00e9es.<\/p>\n<div class=\"mvp-org-wrap mvp-org-logo\" itemprop=\"publisher\" itemscope=\"\" itemtype=\"https:\/\/schema.org\/Organization\"><img decoding=\"async\" src=\"https:\/\/www.tunisienumerique.com\/wp-content\/uploads\/2017\/02\/logo_tunisie_numerique.png\"\/><\/div>\n<div class=\"mvp-related-posts left relative\">\n<h4 class=\"post-header\"><span class=\"post-header\">Lire aussi<\/span><\/h4>\n<\/div>\n<\/div>\n<p>Auteur: Mourad S<br \/>\n<a href=\"https:\/\/www.tunisienumerique.com\/tunisie-derniere-minute-liberation-de-lexpert-onusien-moncef-kartas\/\">Cliquez ici pour lire l&rsquo;article depuis sa source.<\/a><\/p>\n","protected":false},"excerpt":{"rendered":"<p>La chambre d\u2019accusation a d\u00e9cid\u00e9 mardi, la lib\u00e9ration de l\u2019expert onusien Moncef Kartas, suite \u00e0 la demande de son comit\u00e9 de d\u00e9fense, selon son avocat Me Mohamed ben Brahem. Ben Brahem a pr\u00e9cis\u00e9 que son client quitte la prison Al Mornaguia ce mardi, soulignant que son dossier sera r\u00e9examin\u00e9 par le juge d\u2019instruction. Il est [&hellip;]<\/p>\n","protected":false},"author":1789,"featured_media":35710,"comment_status":"closed","ping_status":"closed","sticky":false,"template":"","format":"standard","meta":{"fifu_image_url":"","fifu_image_alt":"","footnotes":""},"categories":[73,55],"tags":[],"class_list":["post-35709","post","type-post","status-publish","format-standard","has-post-thumbnail","hentry","category-actualite","category-tunisie"],"_links":{"self":[{"href":"https:\/\/linitiative.ca\/International\/wp-json\/wp\/v2\/posts\/35709","targetHints":{"allow":["GET"]}}],"collection":[{"href":"https:\/\/linitiative.ca\/International\/wp-json\/wp\/v2\/posts"}],"about":[{"href":"https:\/\/linitiative.ca\/International\/wp-json\/wp\/v2\/types\/post"}],"author":[{"embeddable":true,"href":"https:\/\/linitiative.ca\/International\/wp-json\/wp\/v2\/users\/1789"}],"replies":[{"embeddable":true,"href":"https:\/\/linitiative.ca\/International\/wp-json\/wp\/v2\/comments?post=35709"}],"version-history":[{"count":0,"href":"https:\/\/linitiative.ca\/International\/wp-json\/wp\/v2\/posts\/35709\/revisions"}],"wp:featuredmedia":[{"embeddable":true,"href":"https:\/\/linitiative.ca\/International\/wp-json\/"}],"wp:attachment":[{"href":"https:\/\/linitiative.ca\/International\/wp-json\/wp\/v2\/media?parent=35709"}],"wp:term":[{"taxonomy":"category","embeddable":true,"href":"https:\/\/linitiative.ca\/International\/wp-json\/wp\/v2\/categories?post=35709"},{"taxonomy":"post_tag","embeddable":true,"href":"https:\/\/linitiative.ca\/International\/wp-json\/wp\/v2\/tags?post=35709"}],"curies":[{"name":"wp","href":"https:\/\/api.w.org\/{rel}","templated":true}]}}