{"id":35712,"date":"2019-05-21T07:48:05","date_gmt":"2019-05-21T11:48:05","guid":{"rendered":"https:\/\/linitiative.ca\/International\/boumerdes-les-commercants-du-marche-hebdomadaire-refusent-son-transfert\/"},"modified":"2019-05-21T07:48:05","modified_gmt":"2019-05-21T11:48:05","slug":"boumerdes-les-commercants-du-marche-hebdomadaire-refusent-son-transfert","status":"publish","type":"post","link":"https:\/\/linitiative.ca\/International\/boumerdes-les-commercants-du-marche-hebdomadaire-refusent-son-transfert\/","title":{"rendered":"Boumerd\u00e8s: les commer\u00e7ants du march\u00e9 hebdomadaire refusent son transfert"},"content":{"rendered":"<div>\n<div class=\"K2FeedImage\"><img decoding=\"async\" src=\"http:\/\/www.aps.dz\/media\/k2\/items\/cache\/9722d8885e0f1fbc7fdc976bdf1bccbb_S.jpg\" alt=\"Boumerd\u00e8s: les commer\u00e7ants du march\u00e9 hebdomadaire refusent son transfert\"><\/div>\n<div class=\"K2FeedIntroText\">\n<p><strong>BOUMERDES &#8211; Les commer\u00e7ants activant au niveau du vieux march\u00e9 Hebdomadaire de Boumerd\u00e8s ont organis\u00e9, lundi, un sit-in de protestation devant le si\u00e8ge de la wilaya pour demander l\u2019annulation de la d\u00e9cision de transfert de cet espace commercial vers la r\u00e9gion de Berahmoune \u00e0 Corso.<\/strong><\/p>\n<\/div>\n<div class=\"K2FeedFullText\">\n<p>Les protestataires ont expliqu\u00e9 leur refus du nouveau site par son \u00ab\u00a0isolement et \u00e9loignement\u00a0\u00bb des zones d\u2019habitations, qui le rendent, selon eux, \u00ab\u00a0inappropri\u00e9 pour l\u2019activit\u00e9 commerciale\u00a0\u00bb.<\/p>\n<p>Ils ont, en outre, assur\u00e9 qu\u2019ils poursuivront leur mouvement de protestation\u00a0 \u00ab\u00a0jusqu\u2019\u00e0 la r\u00e9ouverture de l\u2019ancien march\u00e9 et l\u2019annulation de la d\u00e9cision de sa fermeture, arr\u00eat\u00e9e par le pr\u00e9sident de la commune de Boumerd\u00e8s, depuis pr\u00e8s de deux mois\u00a0\u00bb.<\/p>\n<p>\u00ab\u00a0Le nouveau site s\u00e9lectionn\u00e9 par les autorit\u00e9s locales est inadapt\u00e9 \u00e0 l\u2019activit\u00e9 commerciale\u00a0\u00bb, ont estim\u00e9 de nombreux protestataires, non sans d\u00e9plorer le fait que \u00ab\u00a0de nombreux \u00e9tals au niveau de ce nouveau march\u00e9, aient \u00e9t\u00e9 investis, avant son ouverture officielle, par des personnes \u00e9trang\u00e8res \u00e0 la profession, qui r\u00e9clament des sommes d\u2019argent aux commen\u00e7ants en contrepartie d\u2019un d\u00e9sistement \u00e0 leur profit\u00a0\u00bb.<\/p>\n<p>Selon leurs propos, \u00ab\u00a0les lieux ne sont pas s\u00e9curis\u00e9s\u00a0\u00bb.<\/p>\n<p>Dans une d\u00e9claration \u00e0 ce propos, \u00e0 la Radio locale, le chef de la da\u00efra de Boumerd\u00e8s, Messahel Ahmed, a fait part du lancement prochain d\u2019un \u00ab\u00a0avis d\u2019adjudication aux ench\u00e8res publiques en vue de l\u2019attribution de la gestion du nouveau march\u00e9 hebdomadaire de Berahmoune au profit d\u2019un priv\u00e9\u00a0\u00bb.<\/p>\n<\/div>\n<\/div>\n<p>Auteur:<br \/>\n<a href=\"http:\/\/www.aps.dz\/regions\/89693-boumerdes-les-commercants-du-marche-hebdomadaire-refusent-son-transfert\">Cliquez ici pour lire l&rsquo;article depuis sa source.<\/a><\/p>\n","protected":false},"excerpt":{"rendered":"<p>BOUMERDES &#8211; Les commer\u00e7ants activant au niveau du vieux march\u00e9 Hebdomadaire de Boumerd\u00e8s ont organis\u00e9, lundi, un sit-in de protestation devant le si\u00e8ge de la wilaya pour demander l\u2019annulation de la d\u00e9cision de transfert de cet espace commercial vers la r\u00e9gion de Berahmoune \u00e0 Corso. Les protestataires ont expliqu\u00e9 leur refus du nouveau site par [&hellip;]<\/p>\n","protected":false},"author":1790,"featured_media":35713,"comment_status":"closed","ping_status":"closed","sticky":false,"template":"","format":"standard","meta":{"fifu_image_url":"","fifu_image_alt":"","footnotes":""},"categories":[53,76],"tags":[],"class_list":["post-35712","post","type-post","status-publish","format-standard","has-post-thumbnail","hentry","category-algerie","category-regions"],"_links":{"self":[{"href":"https:\/\/linitiative.ca\/International\/wp-json\/wp\/v2\/posts\/35712","targetHints":{"allow":["GET"]}}],"collection":[{"href":"https:\/\/linitiative.ca\/International\/wp-json\/wp\/v2\/posts"}],"about":[{"href":"https:\/\/linitiative.ca\/International\/wp-json\/wp\/v2\/types\/post"}],"author":[{"embeddable":true,"href":"https:\/\/linitiative.ca\/International\/wp-json\/wp\/v2\/users\/1790"}],"replies":[{"embeddable":true,"href":"https:\/\/linitiative.ca\/International\/wp-json\/wp\/v2\/comments?post=35712"}],"version-history":[{"count":0,"href":"https:\/\/linitiative.ca\/International\/wp-json\/wp\/v2\/posts\/35712\/revisions"}],"wp:featuredmedia":[{"embeddable":true,"href":"https:\/\/linitiative.ca\/International\/wp-json\/"}],"wp:attachment":[{"href":"https:\/\/linitiative.ca\/International\/wp-json\/wp\/v2\/media?parent=35712"}],"wp:term":[{"taxonomy":"category","embeddable":true,"href":"https:\/\/linitiative.ca\/International\/wp-json\/wp\/v2\/categories?post=35712"},{"taxonomy":"post_tag","embeddable":true,"href":"https:\/\/linitiative.ca\/International\/wp-json\/wp\/v2\/tags?post=35712"}],"curies":[{"name":"wp","href":"https:\/\/api.w.org\/{rel}","templated":true}]}}