{"id":35715,"date":"2019-05-21T08:15:33","date_gmt":"2019-05-21T12:15:33","guid":{"rendered":"https:\/\/linitiative.ca\/International\/89698-can-2019-preparation-le-burundi-et-le-mali-au-programme-des-verts\/"},"modified":"2019-05-21T08:15:33","modified_gmt":"2019-05-21T12:15:33","slug":"89698-can-2019-preparation-le-burundi-et-le-mali-au-programme-des-verts","status":"publish","type":"post","link":"https:\/\/linitiative.ca\/International\/89698-can-2019-preparation-le-burundi-et-le-mali-au-programme-des-verts\/","title":{"rendered":"CAN-2019 (pr\u00e9paration): le Burundi et le Mali au programme des Verts"},"content":{"rendered":"<div>\n<div class=\"K2FeedImage\"><img decoding=\"async\" src=\"http:\/\/www.aps.dz\/media\/k2\/items\/cache\/e673e48f89c4dcc17770f2c66257f95b_S.jpg\" alt=\"CAN-2019 (pr\u00e9paration): le Burundi et le Mali au programme des Verts\"><\/div>\n<div class=\"K2FeedIntroText\">\n<p><strong>ALGER &#8211; La s\u00e9lection alg\u00e9rienne de football disputera deux matchs amicaux \u00e0 Doha (Qatar) dans le cadre de sa pr\u00e9paration \u00e0 la Coupe d&rsquo;Afrique des nations CAN-2019, pr\u00e9vue en Egypte du 21 juin au 19 juillet, a indiqu\u00e9 la <a href=\"http:\/\/www.faf.dz\/can-2019-le-programme-de-preparation-de-la-selction-nationale-arrete\/\" target=\"_blank\" rel=\"noopener noreferrer\">F\u00e9d\u00e9ration alg\u00e9rienne (FAF)<\/a> mardi.<\/strong><\/p>\n<\/div>\n<div class=\"K2FeedFullText\">\n<p>Les hommes de Djamel Belmadi affronteront le Burundi le 11 juin et le Mali le 16 juin lors de la deuxi\u00e8me \u00e9tape de la pr\u00e9paration qui d\u00e9butera le 8 du m\u00eame mois \u00e0 Doha (Qatar), a pr\u00e9cise la m\u00eame source.<\/p>\n<p>La premi\u00e8re \u00e9tape sera entam\u00e9e officiellement le 3 juin au Centre technique national de Sidi-Moussa (Alger) et s\u2019\u00e9talera jusqu\u2019au 8, date du d\u00e9part de la s\u00e9lection pour Doha sur un vol sp\u00e9cial d\u2019Air Alg\u00e9rie. Cette premi\u00e8re \u00e9tape pourrait d\u00e9buter un peu plus t\u00f4t pour certains joueurs qui devront subir des tests m\u00e9dicaux exig\u00e9s par la Conf\u00e9d\u00e9ration africaine de football avant le d\u00e9but de la CAN, souligne l&rsquo;instance f\u00e9d\u00e9rale.<\/p>\n<p>Les co\u00e9quipiers de Riyad Mahrez s&rsquo;envoleront pour Le Caire le 18 juin \u00e0 bord d\u2019un vol sp\u00e9cial d\u2019Air Alg\u00e9rie.<\/p>\n<p>Log\u00e9e dans le groupe C, la s\u00e9lection alg\u00e9rienne entamera le tournoi contre le Kenya le 23 juin avant de croiser le fer avec respectivement le S\u00e9n\u00e9gal le 27 juin et la Tanzanie le 1er juillet.<\/p>\n<\/div>\n<p><img loading=\"lazy\" decoding=\"async\" src=\"http:\/\/feeds.feedburner.com\/~r\/aps-sport\/~4\/l6_HJKEf1KA\" height=\"1\" width=\"1\" alt=\"\"><\/div>\n<p>Auteur:<br \/>\n<a href=\"http:\/\/www.aps.dz\/sport\/89698-can-2019-preparation-le-burundi-et-le-mali-au-programme-des-verts?utm_source=feedburner&#038;utm_medium=feed&#038;utm_campaign=Feed%3A+aps-sport+%28APS+-+SPORT%29\">Cliquez ici pour lire l&rsquo;article depuis sa source.<\/a><\/p>\n","protected":false},"excerpt":{"rendered":"<p>ALGER &#8211; La s\u00e9lection alg\u00e9rienne de football disputera deux matchs amicaux \u00e0 Doha (Qatar) dans le cadre de sa pr\u00e9paration \u00e0 la Coupe d&rsquo;Afrique des nations CAN-2019, pr\u00e9vue en Egypte du 21 juin au 19 juillet, a indiqu\u00e9 la F\u00e9d\u00e9ration alg\u00e9rienne (FAF) mardi. Les hommes de Djamel Belmadi affronteront le Burundi le 11 juin et [&hellip;]<\/p>\n","protected":false},"author":1790,"featured_media":35716,"comment_status":"closed","ping_status":"closed","sticky":false,"template":"","format":"standard","meta":{"fifu_image_url":"","fifu_image_alt":"","footnotes":""},"categories":[53,75],"tags":[],"class_list":["post-35715","post","type-post","status-publish","format-standard","has-post-thumbnail","hentry","category-algerie","category-sport"],"_links":{"self":[{"href":"https:\/\/linitiative.ca\/International\/wp-json\/wp\/v2\/posts\/35715","targetHints":{"allow":["GET"]}}],"collection":[{"href":"https:\/\/linitiative.ca\/International\/wp-json\/wp\/v2\/posts"}],"about":[{"href":"https:\/\/linitiative.ca\/International\/wp-json\/wp\/v2\/types\/post"}],"author":[{"embeddable":true,"href":"https:\/\/linitiative.ca\/International\/wp-json\/wp\/v2\/users\/1790"}],"replies":[{"embeddable":true,"href":"https:\/\/linitiative.ca\/International\/wp-json\/wp\/v2\/comments?post=35715"}],"version-history":[{"count":0,"href":"https:\/\/linitiative.ca\/International\/wp-json\/wp\/v2\/posts\/35715\/revisions"}],"wp:featuredmedia":[{"embeddable":true,"href":"https:\/\/linitiative.ca\/International\/wp-json\/"}],"wp:attachment":[{"href":"https:\/\/linitiative.ca\/International\/wp-json\/wp\/v2\/media?parent=35715"}],"wp:term":[{"taxonomy":"category","embeddable":true,"href":"https:\/\/linitiative.ca\/International\/wp-json\/wp\/v2\/categories?post=35715"},{"taxonomy":"post_tag","embeddable":true,"href":"https:\/\/linitiative.ca\/International\/wp-json\/wp\/v2\/tags?post=35715"}],"curies":[{"name":"wp","href":"https:\/\/api.w.org\/{rel}","templated":true}]}}