{"id":35737,"date":"2019-05-21T10:59:37","date_gmt":"2019-05-21T14:59:37","guid":{"rendered":"https:\/\/linitiative.ca\/International\/ligue-1-2-nahd-jsk-mellal-nous-navons-aucun-probleme-avec-dumas-nous-opterons-pour-la-stabilite\/"},"modified":"2019-05-21T10:59:37","modified_gmt":"2019-05-21T14:59:37","slug":"ligue-1-2-nahd-jsk-mellal-nous-navons-aucun-probleme-avec-dumas-nous-opterons-pour-la-stabilite","status":"publish","type":"post","link":"https:\/\/linitiative.ca\/International\/ligue-1-2-nahd-jsk-mellal-nous-navons-aucun-probleme-avec-dumas-nous-opterons-pour-la-stabilite\/","title":{"rendered":"Ligue 1 &#038; 2 : NAHD &#8211; JSK \/ Mellal : \u00abNous n\u2019avons aucun probl\u00e8me avec Dumas, nous opterons pour la stabilit\u00e9\u00bb"},"content":{"rendered":"<div readability=\"32\">\n<p>Auteur : <span>Sa\u00efd Djoudi<\/span> <span class=\"time\">mardi 21 mai 2019 11:42<\/span><\/p>\n<\/div>\n<div id=\"post_core\" readability=\"126\">\n<p>Le pr\u00e9sident de la JSK, Cherif Mellal, qui a \u00e9t\u00e9 l\u2019invit\u00e9 de l\u2019\u00e9mission Annar diffus\u00e9e sur TV4, a tenu \u00e0 \u00e9voquer plusieurs sujets relatifs avec la JSK, notamment le parcours r\u00e9alis\u00e9 jusqu\u2019\u00e0 pr\u00e9sent, les deux derniers matchs de la saison mais aussi l\u2019avenir du coach Franck Dumas qui, sauf surprise, devrait honorer son contrat jusqu\u2019au bout. Dans un premier temps, le patron de la JSK a d\u00e9clar\u00e9 que le coach Fran\u00e7ais est toujours sous contrat et que la direction pr\u00f4ne la stabilit\u00e9 : \u00abLes gens avaient mal interpr\u00e9t\u00e9s mes propos lorsque j\u2019avais parl\u00e9 de l\u2019avenir du coach en disant qu\u2019il pouvait partir s\u2019il le souhaitait. Aujourd\u2019hui, je tiens \u00e0 dire que nous n\u2019avons aucun probl\u00e8me. Au contraire, nous pr\u00f4nons la stabilit\u00e9.\u00bb<\/p>\n<p><strong>\u00abIl est concern\u00e9 par le recrutement\u00bb<\/strong><br \/>Toujours dans le m\u00eame contexte, le pr\u00e9sident Mellal estime que le coach Franck Dumas va participer au recrutement, lui qui a d\u00e9j\u00e0 une id\u00e9e sur les joueurs \u00e0 recruter : \u00abCe qui prouve que Dumas fait partie du projet, c\u2019est le fait qu\u2019il soit concern\u00e9 par le recrutement. Nous travaillons en \u00e9troite collaboration, ce qui constitue notre force.\u00bb<\/p>\n<p><strong>\u00abLe retour d\u2019Oukaci, c\u2019est aux supporters de trancher\u00bb<\/strong><br \/>Depuis quelque temps, les supporters ne cessent de parler d\u2019Oukaci qui a \u00e9t\u00e9 exclu du groupe. Alors qu\u2019il devait revenir avec l\u2019\u00e9quipe r\u00e9serve apr\u00e8s le CSC, cette d\u00e9cision est tomb\u00e9e \u00e0 l\u2019eau puisque le joueur n\u2019a pas encore \u00e9t\u00e9 rappel\u00e9. Lorsque Mellal a \u00e9t\u00e9 interrog\u00e9, il a laiss\u00e9 le choix aux supporters de trancher : \u00abPour nous, les supporters ont leur mot \u00e0 dire. J\u2019ai d\u00e9j\u00e0 d\u00e9clar\u00e9 que c\u2019est \u00e0 eux de choisir le nom du stade et aujourd\u2019hui, c\u2019est \u00e0 eux de d\u00e9cider si Oukaci m\u00e9rite de revenir ou pas.\u00bb<\/p>\n<p><strong>\u00abJ\u2019ai v\u00e9cu le match contre l\u2019USMA sous une tr\u00e8s forte pression\u00bb<\/strong><br \/>\u00c9voquant le dernier match contre l\u2019USMA et la pr\u00e9cieuse victoire r\u00e9alis\u00e9e par ses poulains, le pr\u00e9sident Mellal a reconnu avoir v\u00e9cu la partie sous une tr\u00e8s forte pression : \u00abJe ne vous cache pas, j\u2019ai v\u00e9cu le match face \u00e0 l\u2019USMA sous une tr\u00e8s forte pression. La raison est simple, on n\u2019avait pas le droit \u00e0 l\u2019erreur. Il fallait \u00e0 tout prix gagner pour grimper au classement et r\u00e9duite l\u2019\u00e9cart sur le leader.\u00bb<\/p>\n<p><strong>\u00abLe but de Hamroune devrait compter double, tellement il est beau !\u00bb<\/strong><br \/>Toujours concernant cette \u00abfinale\u00bb contre l\u2019USMA, Ch\u00e9rif Mellal n\u2019a pas manqu\u00e9 l\u2019occasion de piquer les supporters alg\u00e9rois en encensant l\u2019attaquant Hamroune et son coup franc direct : \u00abLe but de Hamroune devrait compter double, tellement il est beau. M\u00eame le gardien Berrefane \u00e9tait rest\u00e9 coinc\u00e9 dans les filets.\u00bb<\/p>\n<p><strong>\u00abHeureusement qu\u2019on n\u2019a pas gagn\u00e9 face au CSC sinon\u2026 \u00bb<\/strong><br \/>Avant le match CSC-JSK, beaucoup de choses ont \u00e9t\u00e9 dites o\u00f9 certains sont all\u00e9s dire que la partie allait \u00eatre arrang\u00e9e et que les Canaris avaient tout r\u00e9gl\u00e9 avec les dirigeants du CSC. Mais sur le terrain, nous avons assist\u00e9 \u00e0 une rencontre domin\u00e9e par les Constantinois lesquels se sont impos\u00e9s sur le score de deux buts \u00e0 z\u00e9ro. C\u2019est ainsi que Mellal a insist\u00e9 \u00e0 dire : \u00abHeureusement qu\u2019on n\u2019a pas gagn\u00e9 face au CSC sinon tout le monde aurait cru \u00e0 un match arrang\u00e9. Je suis quelqu\u2019un d\u2019honn\u00eate, je n\u2019arrangerai jamais une rencontre de football.\u00bb<\/p>\n<p><strong>\u00abLa r\u00e9ception du nouveau stade est devenue une n\u00e9cessit\u00e9\u00bb<\/strong><br \/>Comme \u00e0 chaque passage \u00e0 la t\u00e9l\u00e9vision, le pr\u00e9sident Mellal ne manque pas l\u2019occasion de faire un appel \u00e0 la soci\u00e9t\u00e9 engag\u00e9e pour la r\u00e9alisation du nouveau stade de la JSK pour acc\u00e9l\u00e9rer les travaux : \u00abJe tiens \u00e0 faire appel pour que le stade soit livr\u00e9 dans les plus brefs d\u00e9lais. C\u2019est devenu une n\u00e9cessite puisque le stade du 1er-Novembre ne peut plus contenir nos nombreux supporters. On souhaite le r\u00e9ceptionner dans les meilleurs d\u00e9lais.\u00bb<\/p>\n<p><strong>\u00abUn match de football ne doit jamais diviser les clubs\u00bb<\/strong><br \/>Par rapport \u00e0 ce qui s\u2019est pass\u00e9 depuis le match JSK-USMA, Mellal a appel\u00e9 au calme : \u00abUn match de football ne doit jamais divis\u00e9 les clubs. Il y avait de la pression mais j\u2019ai toujours \u00e9t\u00e9 contre les accrochages et les conflits, notamment entre les dirigeants.\u00bb<\/p>\n<p><strong>\u00abC\u2019est \u00e0 la JSK de rendre un joueur moyen une star\u00bb<\/strong><br \/>Par rapport aux joueurs lib\u00e9r\u00e9s la saison pass\u00e9e et qui seront aussi recrut\u00e9s prochainement, Mellal n\u2019a qu\u2019une seule devise. Pour lui, c\u2019est au club de faire grimper la cote d\u2019un joueur, non pas le contraire : \u00abNous avons jou\u00e9 la rel\u00e9gation la saison pass\u00e9e et c\u2019est pour cela j\u2019ai d\u00e9cid\u00e9 de faire un grand nettoyage. Aujourd\u2019hui, je suis convaincu que c\u2019est \u00e0 la JSK de faire des moyens joueurs des stars, et non pas le contraire.\u00bb<\/p>\n<p><strong>\u00abDa\u00efb\u00e8che, Ma\u00e2zouz, Dahlal, Nezla ainsi que d\u2019autres jeunes vont avoir leur chance\u00bb<\/strong><br \/>Avant de conclure, le premier responsable de l\u2019\u00e9quipe a annonc\u00e9 que certains jeunes joueurs auront bient\u00f4t leur chance en \u00e9quipe premi\u00e8re : \u00abL\u2019\u00e9quipe r\u00e9serve renferme dans ses rangs plusieurs bons joueurs, \u00e0 l\u2019image de Da\u00efb\u00e8che, Ma\u00e2zouz, Dahlal ou Nezla. Ces derniers auront tous une chance de jouer avec l\u2019\u00e9quipe premi\u00e8re la saison prochaine.\u00bb<\/p>\n<p><strong>Publi\u00e9 dans :<\/strong> <span>JSK<\/span> <span>Nahd<\/span> <span>Mellal<\/span> <span>Dumas<\/span><\/p>\n<\/div>\n<p>Auteur:<br \/>\n<a href=\"http:\/\/www.lebuteur.com\/article\/detail?titre=nahd-jsk-mellal-nous-navons-aucun-probleme-avec-dumas-nous-opterons-pour-la-stabilite&#038;id=88970&#038;utm_source=feedburner&#038;utm_medium=feed&#038;utm_campaign=Feed%3A+GalerieFArtciles+%28Les+derniers+articles++-+lebuteur.com%29\">Cliquez ici pour lire l&rsquo;article depuis sa source.<\/a><\/p>\n","protected":false},"excerpt":{"rendered":"<p>Auteur : Sa\u00efd Djoudi mardi 21 mai 2019 11:42 Le pr\u00e9sident de la JSK, Cherif Mellal, qui a \u00e9t\u00e9 l\u2019invit\u00e9 de l\u2019\u00e9mission Annar diffus\u00e9e sur TV4, a tenu \u00e0 \u00e9voquer plusieurs sujets relatifs avec la JSK, notamment le parcours r\u00e9alis\u00e9 jusqu\u2019\u00e0 pr\u00e9sent, les deux derniers matchs de la saison mais aussi l\u2019avenir du coach Franck [&hellip;]<\/p>\n","protected":false},"author":1738,"featured_media":35738,"comment_status":"closed","ping_status":"closed","sticky":false,"template":"","format":"standard","meta":{"fifu_image_url":"","fifu_image_alt":"","footnotes":""},"categories":[53,75],"tags":[],"class_list":["post-35737","post","type-post","status-publish","format-standard","has-post-thumbnail","hentry","category-algerie","category-sport"],"_links":{"self":[{"href":"https:\/\/linitiative.ca\/International\/wp-json\/wp\/v2\/posts\/35737","targetHints":{"allow":["GET"]}}],"collection":[{"href":"https:\/\/linitiative.ca\/International\/wp-json\/wp\/v2\/posts"}],"about":[{"href":"https:\/\/linitiative.ca\/International\/wp-json\/wp\/v2\/types\/post"}],"author":[{"embeddable":true,"href":"https:\/\/linitiative.ca\/International\/wp-json\/wp\/v2\/users\/1738"}],"replies":[{"embeddable":true,"href":"https:\/\/linitiative.ca\/International\/wp-json\/wp\/v2\/comments?post=35737"}],"version-history":[{"count":0,"href":"https:\/\/linitiative.ca\/International\/wp-json\/wp\/v2\/posts\/35737\/revisions"}],"wp:featuredmedia":[{"embeddable":true,"href":"https:\/\/linitiative.ca\/International\/wp-json\/"}],"wp:attachment":[{"href":"https:\/\/linitiative.ca\/International\/wp-json\/wp\/v2\/media?parent=35737"}],"wp:term":[{"taxonomy":"category","embeddable":true,"href":"https:\/\/linitiative.ca\/International\/wp-json\/wp\/v2\/categories?post=35737"},{"taxonomy":"post_tag","embeddable":true,"href":"https:\/\/linitiative.ca\/International\/wp-json\/wp\/v2\/tags?post=35737"}],"curies":[{"name":"wp","href":"https:\/\/api.w.org\/{rel}","templated":true}]}}