{"id":35741,"date":"2019-05-21T06:00:00","date_gmt":"2019-05-21T10:00:00","guid":{"rendered":"https:\/\/linitiative.ca\/International\/le-groupe-parlementaire-du-fln-met-la-pression\/"},"modified":"2019-05-21T06:00:00","modified_gmt":"2019-05-21T10:00:00","slug":"le-groupe-parlementaire-du-fln-met-la-pression","status":"publish","type":"post","link":"https:\/\/linitiative.ca\/International\/le-groupe-parlementaire-du-fln-met-la-pression\/","title":{"rendered":"Le groupe parlementaire du FLN met la pression"},"content":{"rendered":"<div id=\"originalText\" readability=\"42\">\n<p>Les jours de Mouad Bouchareb \u00e0 la t\u00eate de l\u2019APN sont-ils compt\u00e9s ? \u00c0 en croire la pression que mettent les d\u00e9put\u00e9s de l\u2019ex-parti unique sur le pr\u00e9sident de l\u2019APN, ce dernier finira par jeter l\u2019\u00e9ponge. Hier, les d\u00e9put\u00e9s du FLN sont revenus \u00e0 la charge pour exiger de Bouchareb sa d\u00e9mission de son poste de pr\u00e9sident de l\u2019APN. Dans un communiqu\u00e9 rendu public, ils ont soulign\u00e9 que \u201cMouad Bouchareb doit se retirer de la pr\u00e9sidence de l\u2019APN de son gr\u00e9 et en r\u00e9ponse \u00e0 la revendication populaire et en application des orientations de la direction politique du parti\u201d.\u00a0Les \u00e9lus du FLN ont indiqu\u00e9, par ailleurs, que le bureau s&rsquo;\u00e9tait r\u00e9uni pour \u201cexaminer les derniers d\u00e9veloppements de la revendication du hirak populaire relative au retrait du pr\u00e9sident de l&rsquo;APN\u201d, appelant ce dernier \u00e0 \u201cr\u00e9pondre \u00e0 cet appel et \u00e0 se retirer de son gr\u00e9 de la pr\u00e9sidence de l&rsquo;Assembl\u00e9e, conform\u00e9ment aux revendications populaires\u201d.\u00a0<br \/>\u00a0<\/p>\n<p class=\"c10\"><strong>M. Mouloudj<\/strong><\/p>\n<\/div>\n<div id=\"text_core\" readability=\"42\">\n<p>Les jours de Mouad Bouchareb \u00e0 la t\u00eate de l\u2019APN sont-ils compt\u00e9s ? \u00c0 en croire la pression que mettent les d\u00e9put\u00e9s de l\u2019ex-parti unique sur le pr\u00e9sident de l\u2019APN, ce dernier finira par jeter l\u2019\u00e9ponge. Hier, les d\u00e9put\u00e9s du FLN sont revenus \u00e0 la charge pour exiger de Bouchareb sa d\u00e9mission de son poste de pr\u00e9sident de l\u2019APN. Dans un communiqu\u00e9 rendu public, ils ont soulign\u00e9 que \u201cMouad Bouchareb doit se retirer de la pr\u00e9sidence de l\u2019APN de son gr\u00e9 et en r\u00e9ponse \u00e0 la revendication populaire et en application des orientations de la direction politique du parti\u201d.\u00a0Les \u00e9lus du FLN ont indiqu\u00e9, par ailleurs, que le bureau s&rsquo;\u00e9tait r\u00e9uni pour \u201cexaminer les derniers d\u00e9veloppements de la revendication du hirak populaire relative au retrait du pr\u00e9sident de l&rsquo;APN\u201d, appelant ce dernier \u00e0 \u201cr\u00e9pondre \u00e0 cet appel et \u00e0 se retirer de son gr\u00e9 de la pr\u00e9sidence de l&rsquo;Assembl\u00e9e, conform\u00e9ment aux revendications populaires\u201d.\u00a0<br \/>\u00a0<\/p>\n<p class=\"c10\"><strong>M. Mouloudj<\/strong><\/p>\n<\/div>\n<p>Auteur:<br \/>\n<a href=\"https:\/\/www.liberte-algerie.com\/actualite\/le-groupe-parlementaire-du-fln-met-la-pression-316260\">Cliquez ici pour lire l&rsquo;article depuis sa source.<\/a><\/p>\n","protected":false},"excerpt":{"rendered":"<p>Les jours de Mouad Bouchareb \u00e0 la t\u00eate de l\u2019APN sont-ils compt\u00e9s ? \u00c0 en croire la pression que mettent les d\u00e9put\u00e9s de l\u2019ex-parti unique sur le pr\u00e9sident de l\u2019APN, ce dernier finira par jeter l\u2019\u00e9ponge. Hier, les d\u00e9put\u00e9s du FLN sont revenus \u00e0 la charge pour exiger de Bouchareb sa d\u00e9mission de son poste [&hellip;]<\/p>\n","protected":false},"author":1742,"featured_media":0,"comment_status":"closed","ping_status":"closed","sticky":false,"template":"","format":"standard","meta":{"fifu_image_url":"","fifu_image_alt":"","footnotes":""},"categories":[73,53],"tags":[],"class_list":["post-35741","post","type-post","status-publish","format-standard","hentry","category-actualite","category-algerie"],"_links":{"self":[{"href":"https:\/\/linitiative.ca\/International\/wp-json\/wp\/v2\/posts\/35741","targetHints":{"allow":["GET"]}}],"collection":[{"href":"https:\/\/linitiative.ca\/International\/wp-json\/wp\/v2\/posts"}],"about":[{"href":"https:\/\/linitiative.ca\/International\/wp-json\/wp\/v2\/types\/post"}],"author":[{"embeddable":true,"href":"https:\/\/linitiative.ca\/International\/wp-json\/wp\/v2\/users\/1742"}],"replies":[{"embeddable":true,"href":"https:\/\/linitiative.ca\/International\/wp-json\/wp\/v2\/comments?post=35741"}],"version-history":[{"count":0,"href":"https:\/\/linitiative.ca\/International\/wp-json\/wp\/v2\/posts\/35741\/revisions"}],"wp:attachment":[{"href":"https:\/\/linitiative.ca\/International\/wp-json\/wp\/v2\/media?parent=35741"}],"wp:term":[{"taxonomy":"category","embeddable":true,"href":"https:\/\/linitiative.ca\/International\/wp-json\/wp\/v2\/categories?post=35741"},{"taxonomy":"post_tag","embeddable":true,"href":"https:\/\/linitiative.ca\/International\/wp-json\/wp\/v2\/tags?post=35741"}],"curies":[{"name":"wp","href":"https:\/\/api.w.org\/{rel}","templated":true}]}}