{"id":35746,"date":"2019-05-21T06:00:00","date_gmt":"2019-05-21T10:00:00","guid":{"rendered":"https:\/\/linitiative.ca\/International\/rectificatif\/"},"modified":"2019-05-21T06:00:00","modified_gmt":"2019-05-21T10:00:00","slug":"rectificatif","status":"publish","type":"post","link":"https:\/\/linitiative.ca\/International\/rectificatif\/","title":{"rendered":"Rectificatif"},"content":{"rendered":"<div id=\"originalText\" readability=\"38\">\n<p>Dans notre \u00e9dition d\u2019hier, lundi 20 mai 2019, en page 24, une malencontreuse erreur s&rsquo;est gliss\u00e9e au sujet de l&rsquo;article intitul\u00e9 \u201cCentre financier r\u00e9gional d&rsquo;Alg\u00e9rie T\u00e9l\u00e9com \u00e0 Oran : le nouveau directeur contest\u00e9\u201d. Il s&rsquo;agit en fait du Centre financier r\u00e9gional d&rsquo;Alg\u00e9rie Poste \u00e0 Oran. Nos excuses \u00e0 Alg\u00e9rie T\u00e9l\u00e9com et \u00e0 nos lecteurs.\u00a0<\/p>\n<\/div>\n<div id=\"text_core\" readability=\"38\">\n<p>Dans notre \u00e9dition d\u2019hier, lundi 20 mai 2019, en page 24, une malencontreuse erreur s&rsquo;est gliss\u00e9e au sujet de l&rsquo;article intitul\u00e9 \u201cCentre financier r\u00e9gional d&rsquo;Alg\u00e9rie T\u00e9l\u00e9com \u00e0 Oran : le nouveau directeur contest\u00e9\u201d. Il s&rsquo;agit en fait du Centre financier r\u00e9gional d&rsquo;Alg\u00e9rie Poste \u00e0 Oran. Nos excuses \u00e0 Alg\u00e9rie T\u00e9l\u00e9com et \u00e0 nos lecteurs.\u00a0<\/p>\n<\/div>\n<p>Auteur:<br \/>\n<a href=\"https:\/\/www.liberte-algerie.com\/actualite\/rectificatif-316259\">Cliquez ici pour lire l&rsquo;article depuis sa source.<\/a><\/p>\n","protected":false},"excerpt":{"rendered":"<p>Dans notre \u00e9dition d\u2019hier, lundi 20 mai 2019, en page 24, une malencontreuse erreur s&rsquo;est gliss\u00e9e au sujet de l&rsquo;article intitul\u00e9 \u201cCentre financier r\u00e9gional d&rsquo;Alg\u00e9rie T\u00e9l\u00e9com \u00e0 Oran : le nouveau directeur contest\u00e9\u201d. Il s&rsquo;agit en fait du Centre financier r\u00e9gional d&rsquo;Alg\u00e9rie Poste \u00e0 Oran. Nos excuses \u00e0 Alg\u00e9rie T\u00e9l\u00e9com et \u00e0 nos lecteurs.\u00a0 Dans [&hellip;]<\/p>\n","protected":false},"author":1742,"featured_media":0,"comment_status":"closed","ping_status":"closed","sticky":false,"template":"","format":"standard","meta":{"fifu_image_url":"","fifu_image_alt":"","footnotes":""},"categories":[73,53],"tags":[],"class_list":["post-35746","post","type-post","status-publish","format-standard","hentry","category-actualite","category-algerie"],"_links":{"self":[{"href":"https:\/\/linitiative.ca\/International\/wp-json\/wp\/v2\/posts\/35746","targetHints":{"allow":["GET"]}}],"collection":[{"href":"https:\/\/linitiative.ca\/International\/wp-json\/wp\/v2\/posts"}],"about":[{"href":"https:\/\/linitiative.ca\/International\/wp-json\/wp\/v2\/types\/post"}],"author":[{"embeddable":true,"href":"https:\/\/linitiative.ca\/International\/wp-json\/wp\/v2\/users\/1742"}],"replies":[{"embeddable":true,"href":"https:\/\/linitiative.ca\/International\/wp-json\/wp\/v2\/comments?post=35746"}],"version-history":[{"count":0,"href":"https:\/\/linitiative.ca\/International\/wp-json\/wp\/v2\/posts\/35746\/revisions"}],"wp:attachment":[{"href":"https:\/\/linitiative.ca\/International\/wp-json\/wp\/v2\/media?parent=35746"}],"wp:term":[{"taxonomy":"category","embeddable":true,"href":"https:\/\/linitiative.ca\/International\/wp-json\/wp\/v2\/categories?post=35746"},{"taxonomy":"post_tag","embeddable":true,"href":"https:\/\/linitiative.ca\/International\/wp-json\/wp\/v2\/tags?post=35746"}],"curies":[{"name":"wp","href":"https:\/\/api.w.org\/{rel}","templated":true}]}}