{"id":35751,"date":"2019-05-21T06:00:00","date_gmt":"2019-05-21T10:00:00","guid":{"rendered":"https:\/\/linitiative.ca\/International\/les-parquets-generaux-appeles-a-superviser-minutieusement-les-enquetes\/"},"modified":"2019-05-21T06:00:00","modified_gmt":"2019-05-21T10:00:00","slug":"les-parquets-generaux-appeles-a-superviser-minutieusement-les-enquetes","status":"publish","type":"post","link":"https:\/\/linitiative.ca\/International\/les-parquets-generaux-appeles-a-superviser-minutieusement-les-enquetes\/","title":{"rendered":"Les parquets g\u00e9n\u00e9raux appel\u00e9s \u00e0 superviser minutieusement les enqu\u00eates"},"content":{"rendered":"<div id=\"originalText\" readability=\"43\">\n<p>Le ministre de la Justice, Slimane Brahmi, a exhort\u00e9, hier, les parquets g\u00e9n\u00e9raux \u00e0 superviser minutieusement les enqu\u00eates pr\u00e9liminaires pour d\u00e9masquer les personnes impliqu\u00e9es dans des affaires de corruption, d\u00e9finir leurs avoirs illicites et situer les lieux o\u00f9 ils se trouvent.\u00a0Intervenant lors de la c\u00e9r\u00e9monie d&rsquo;installation de Belkacem Zeghmati dans ses fonctions de procureur g\u00e9n\u00e9ral de la cour d&rsquo;Alger, le ministre a affirm\u00e9 que la lutte contre la corruption \u201cimplique de la part des parquets g\u00e9n\u00e9raux de superviser de mani\u00e8re minutieuse les enqu\u00eates pr\u00e9liminaires de la Police judiciaire \u00e0 travers l&rsquo;approfondissement des investigations pour d\u00e9masquer les auteurs de ces crimes, d\u00e9finir leurs avoirs criminels\u00a0et situer les lieux o\u00f9 ils se trouvent pour leur recensement\u201d, en vue de\u00a0leur r\u00e9cup\u00e9ration.\u00a0\u00a0<\/p>\n<\/div>\n<div id=\"text_core\" readability=\"43\">\n<p>Le ministre de la Justice, Slimane Brahmi, a exhort\u00e9, hier, les parquets g\u00e9n\u00e9raux \u00e0 superviser minutieusement les enqu\u00eates pr\u00e9liminaires pour d\u00e9masquer les personnes impliqu\u00e9es dans des affaires de corruption, d\u00e9finir leurs avoirs illicites et situer les lieux o\u00f9 ils se trouvent.\u00a0Intervenant lors de la c\u00e9r\u00e9monie d&rsquo;installation de Belkacem Zeghmati dans ses fonctions de procureur g\u00e9n\u00e9ral de la cour d&rsquo;Alger, le ministre a affirm\u00e9 que la lutte contre la corruption \u201cimplique de la part des parquets g\u00e9n\u00e9raux de superviser de mani\u00e8re minutieuse les enqu\u00eates pr\u00e9liminaires de la Police judiciaire \u00e0 travers l&rsquo;approfondissement des investigations pour d\u00e9masquer les auteurs de ces crimes, d\u00e9finir leurs avoirs criminels\u00a0et situer les lieux o\u00f9 ils se trouvent pour leur recensement\u201d, en vue de\u00a0leur r\u00e9cup\u00e9ration.\u00a0\u00a0<\/p>\n<\/div>\n<p>Auteur:<br \/>\n<a href=\"https:\/\/www.liberte-algerie.com\/actualite\/les-parquets-generaux-appeles-a-superviser-minutieusement-les-enquetes-316258\">Cliquez ici pour lire l&rsquo;article depuis sa source.<\/a><\/p>\n","protected":false},"excerpt":{"rendered":"<p>Le ministre de la Justice, Slimane Brahmi, a exhort\u00e9, hier, les parquets g\u00e9n\u00e9raux \u00e0 superviser minutieusement les enqu\u00eates pr\u00e9liminaires pour d\u00e9masquer les personnes impliqu\u00e9es dans des affaires de corruption, d\u00e9finir leurs avoirs illicites et situer les lieux o\u00f9 ils se trouvent.\u00a0Intervenant lors de la c\u00e9r\u00e9monie d&rsquo;installation de Belkacem Zeghmati dans ses fonctions de procureur g\u00e9n\u00e9ral [&hellip;]<\/p>\n","protected":false},"author":1742,"featured_media":0,"comment_status":"closed","ping_status":"closed","sticky":false,"template":"","format":"standard","meta":{"fifu_image_url":"","fifu_image_alt":"","footnotes":""},"categories":[73,53],"tags":[],"class_list":["post-35751","post","type-post","status-publish","format-standard","hentry","category-actualite","category-algerie"],"_links":{"self":[{"href":"https:\/\/linitiative.ca\/International\/wp-json\/wp\/v2\/posts\/35751","targetHints":{"allow":["GET"]}}],"collection":[{"href":"https:\/\/linitiative.ca\/International\/wp-json\/wp\/v2\/posts"}],"about":[{"href":"https:\/\/linitiative.ca\/International\/wp-json\/wp\/v2\/types\/post"}],"author":[{"embeddable":true,"href":"https:\/\/linitiative.ca\/International\/wp-json\/wp\/v2\/users\/1742"}],"replies":[{"embeddable":true,"href":"https:\/\/linitiative.ca\/International\/wp-json\/wp\/v2\/comments?post=35751"}],"version-history":[{"count":0,"href":"https:\/\/linitiative.ca\/International\/wp-json\/wp\/v2\/posts\/35751\/revisions"}],"wp:attachment":[{"href":"https:\/\/linitiative.ca\/International\/wp-json\/wp\/v2\/media?parent=35751"}],"wp:term":[{"taxonomy":"category","embeddable":true,"href":"https:\/\/linitiative.ca\/International\/wp-json\/wp\/v2\/categories?post=35751"},{"taxonomy":"post_tag","embeddable":true,"href":"https:\/\/linitiative.ca\/International\/wp-json\/wp\/v2\/tags?post=35751"}],"curies":[{"name":"wp","href":"https:\/\/api.w.org\/{rel}","templated":true}]}}