{"id":35757,"date":"2019-05-21T11:00:26","date_gmt":"2019-05-21T15:00:26","guid":{"rendered":"https:\/\/linitiative.ca\/International\/international-man-city-bernardo-silva-designe-joueur-de-lannee\/"},"modified":"2019-05-21T11:00:26","modified_gmt":"2019-05-21T15:00:26","slug":"international-man-city-bernardo-silva-designe-joueur-de-lannee","status":"publish","type":"post","link":"https:\/\/linitiative.ca\/International\/international-man-city-bernardo-silva-designe-joueur-de-lannee\/","title":{"rendered":"International : Man City : Bernardo Silva d\u00e9sign\u00e9 joueur de l&rsquo;ann\u00e9e"},"content":{"rendered":"<div readability=\"32\">\n<p>Auteur : <span class=\"time\">mardi 21 mai 2019 12:38<\/span><\/p>\n<\/div>\n<div id=\"post_core\" readability=\"46\">\n<p>Auteur du tripl\u00e9 Championnat-Coupe de la Ligue-FA Cup, Pep Guardiola peut \u00eatre fier de ses troupes, malgr\u00e9 l\u2019\u00e9limination d\u00e9cevante en quarts de finales de la Ligue des Champions.\u00a0<\/p>\n<p>Et si il y en a un qui s\u2019est d\u00e9marqu\u00e9 cette saison, c\u2019est bien Bernardo Silva (24 ans) comme le souligne Onzemondial. Le portugais a r\u00e9alis\u00e9 une saison tout bonnement exceptionnelle, au point d\u2019\u00eatre nomin\u00e9 parmi les meilleurs joueurs de Premier League cette saison. Auteur de 13 buts et de 13 passes d\u00e9cisives en 47 matchs, l\u2019ancien mon\u00e9gasque devance l\u2019ailier Raheem Sterling et l\u2019attaquant Sergio Ag\u00fcero, en r\u00e9coltant 48% des voix par les supporters.\u00a0<\/p>\n<p><strong>Publi\u00e9 dans :<\/strong> <span>Manchester City<\/span><\/p>\n<\/div>\n<p>Auteur:<br \/>\n<a href=\"http:\/\/www.lebuteur.com\/article\/detail?titre=man-city-bernardo-silva-designe-joueur-de-lannee&#038;id=88993&#038;utm_source=feedburner&#038;utm_medium=feed&#038;utm_campaign=Feed%3A+GalerieFArtciles+%28Les+derniers+articles++-+lebuteur.com%29\">Cliquez ici pour lire l&rsquo;article depuis sa source.<\/a><\/p>\n","protected":false},"excerpt":{"rendered":"<p>Auteur : mardi 21 mai 2019 12:38 Auteur du tripl\u00e9 Championnat-Coupe de la Ligue-FA Cup, Pep Guardiola peut \u00eatre fier de ses troupes, malgr\u00e9 l\u2019\u00e9limination d\u00e9cevante en quarts de finales de la Ligue des Champions.\u00a0 Et si il y en a un qui s\u2019est d\u00e9marqu\u00e9 cette saison, c\u2019est bien Bernardo Silva (24 ans) comme le [&hellip;]<\/p>\n","protected":false},"author":1738,"featured_media":35759,"comment_status":"closed","ping_status":"closed","sticky":false,"template":"","format":"standard","meta":{"fifu_image_url":"","fifu_image_alt":"","footnotes":""},"categories":[53,75],"tags":[],"class_list":["post-35757","post","type-post","status-publish","format-standard","has-post-thumbnail","hentry","category-algerie","category-sport"],"_links":{"self":[{"href":"https:\/\/linitiative.ca\/International\/wp-json\/wp\/v2\/posts\/35757","targetHints":{"allow":["GET"]}}],"collection":[{"href":"https:\/\/linitiative.ca\/International\/wp-json\/wp\/v2\/posts"}],"about":[{"href":"https:\/\/linitiative.ca\/International\/wp-json\/wp\/v2\/types\/post"}],"author":[{"embeddable":true,"href":"https:\/\/linitiative.ca\/International\/wp-json\/wp\/v2\/users\/1738"}],"replies":[{"embeddable":true,"href":"https:\/\/linitiative.ca\/International\/wp-json\/wp\/v2\/comments?post=35757"}],"version-history":[{"count":0,"href":"https:\/\/linitiative.ca\/International\/wp-json\/wp\/v2\/posts\/35757\/revisions"}],"wp:featuredmedia":[{"embeddable":true,"href":"https:\/\/linitiative.ca\/International\/wp-json\/"}],"wp:attachment":[{"href":"https:\/\/linitiative.ca\/International\/wp-json\/wp\/v2\/media?parent=35757"}],"wp:term":[{"taxonomy":"category","embeddable":true,"href":"https:\/\/linitiative.ca\/International\/wp-json\/wp\/v2\/categories?post=35757"},{"taxonomy":"post_tag","embeddable":true,"href":"https:\/\/linitiative.ca\/International\/wp-json\/wp\/v2\/tags?post=35757"}],"curies":[{"name":"wp","href":"https:\/\/api.w.org\/{rel}","templated":true}]}}