{"id":35761,"date":"2019-05-21T11:00:44","date_gmt":"2019-05-21T15:00:44","guid":{"rendered":"https:\/\/linitiative.ca\/International\/international-ac-milan-leonardo-deja-sur-le-depart\/"},"modified":"2019-05-21T11:00:44","modified_gmt":"2019-05-21T15:00:44","slug":"international-ac-milan-leonardo-deja-sur-le-depart","status":"publish","type":"post","link":"https:\/\/linitiative.ca\/International\/international-ac-milan-leonardo-deja-sur-le-depart\/","title":{"rendered":"International : AC Milan : Leonardo d\u00e9j\u00e0 sur le d\u00e9part ?"},"content":{"rendered":"<div readability=\"32\">\n<p>Auteur : <span class=\"time\">mardi 21 mai 2019 14:30<\/span><\/p>\n<\/div>\n<div id=\"post_core\" readability=\"50\">\n<p>Selon la presse italienne et Football, un climat de tension r\u00e8gne entre Ivan Gazidis, directeur g\u00e9n\u00e9ral du club, et \u00ab\u00a0Leo\u00a0\u00bb.\u00a0<\/p>\n<p>Sur la short-list des Rossoneri, on retrouverait notamment Igli Tare (Rome),\u00a0Luis Campos (Lille) et Javier Ribalta (Z\u00e9nith)\u00a0pour prendre la succession de l&rsquo;ancien directeur sportif du PSG.\u00a0Les hommes de Gennaro Gattuso, actuellement 5e de Serie A, joueront leur avenir europ\u00e9en, dimanche, sur le terrain de Spal (19h30), pour la derni\u00e8re journ\u00e9e de championnat.\u00a0<\/p>\n<p><strong>Publi\u00e9 dans :<\/strong> <span>Milan AC<\/span> <span>Leonardo<\/span><\/p>\n<\/div>\n<p>Auteur:<br \/>\n<a href=\"http:\/\/www.lebuteur.com\/article\/detail?titre=ac-milan-leonardo-deja-sur-le-depart&#038;id=88994&#038;utm_source=feedburner&#038;utm_medium=feed&#038;utm_campaign=Feed%3A+GalerieFArtciles+%28Les+derniers+articles++-+lebuteur.com%29\">Cliquez ici pour lire l&rsquo;article depuis sa source.<\/a><\/p>\n","protected":false},"excerpt":{"rendered":"<p>Auteur : mardi 21 mai 2019 14:30 Selon la presse italienne et Football, un climat de tension r\u00e8gne entre Ivan Gazidis, directeur g\u00e9n\u00e9ral du club, et \u00ab\u00a0Leo\u00a0\u00bb.\u00a0 Sur la short-list des Rossoneri, on retrouverait notamment Igli Tare (Rome),\u00a0Luis Campos (Lille) et Javier Ribalta (Z\u00e9nith)\u00a0pour prendre la succession de l&rsquo;ancien directeur sportif du PSG.\u00a0Les hommes de [&hellip;]<\/p>\n","protected":false},"author":1738,"featured_media":35762,"comment_status":"closed","ping_status":"closed","sticky":false,"template":"","format":"standard","meta":{"fifu_image_url":"","fifu_image_alt":"","footnotes":""},"categories":[53,75],"tags":[],"class_list":["post-35761","post","type-post","status-publish","format-standard","has-post-thumbnail","hentry","category-algerie","category-sport"],"_links":{"self":[{"href":"https:\/\/linitiative.ca\/International\/wp-json\/wp\/v2\/posts\/35761","targetHints":{"allow":["GET"]}}],"collection":[{"href":"https:\/\/linitiative.ca\/International\/wp-json\/wp\/v2\/posts"}],"about":[{"href":"https:\/\/linitiative.ca\/International\/wp-json\/wp\/v2\/types\/post"}],"author":[{"embeddable":true,"href":"https:\/\/linitiative.ca\/International\/wp-json\/wp\/v2\/users\/1738"}],"replies":[{"embeddable":true,"href":"https:\/\/linitiative.ca\/International\/wp-json\/wp\/v2\/comments?post=35761"}],"version-history":[{"count":0,"href":"https:\/\/linitiative.ca\/International\/wp-json\/wp\/v2\/posts\/35761\/revisions"}],"wp:featuredmedia":[{"embeddable":true,"href":"https:\/\/linitiative.ca\/International\/wp-json\/"}],"wp:attachment":[{"href":"https:\/\/linitiative.ca\/International\/wp-json\/wp\/v2\/media?parent=35761"}],"wp:term":[{"taxonomy":"category","embeddable":true,"href":"https:\/\/linitiative.ca\/International\/wp-json\/wp\/v2\/categories?post=35761"},{"taxonomy":"post_tag","embeddable":true,"href":"https:\/\/linitiative.ca\/International\/wp-json\/wp\/v2\/tags?post=35761"}],"curies":[{"name":"wp","href":"https:\/\/api.w.org\/{rel}","templated":true}]}}