{"id":35764,"date":"2019-05-21T11:00:52","date_gmt":"2019-05-21T15:00:52","guid":{"rendered":"https:\/\/linitiative.ca\/International\/international-real-madrid-lavenir-de-modric-bientot-fixe\/"},"modified":"2019-05-21T11:00:52","modified_gmt":"2019-05-21T15:00:52","slug":"international-real-madrid-lavenir-de-modric-bientot-fixe","status":"publish","type":"post","link":"https:\/\/linitiative.ca\/International\/international-real-madrid-lavenir-de-modric-bientot-fixe\/","title":{"rendered":"International : Real Madrid : L&rsquo;avenir de Modric bient\u00f4t fix\u00e9 ?"},"content":{"rendered":"<div readability=\"32\">\n<p>Auteur : <span class=\"time\">mardi 21 mai 2019 15:30<\/span><\/p>\n<\/div>\n<div id=\"post_core\" readability=\"44\">\n<p>En d\u00e9clin vis-\u00e0-vis des ann\u00e9es pr\u00e9c\u00e9dentes, le milieu de terrain croate pourrait donc quitter les Merengue cet \u00e9t\u00e9. Mais un retournement de situation se profilerait dans ce dossier qui pourrait an\u00e9antir les espoirs de l\u2019Inter Milan de voir d\u00e9barquer Luka Modric en Lombardie.<\/p>\n<p>Selon OK Diario et Le 10 Sport, le milieu de terrain du Real Madrid serait tout proche de prolonger son bail avec les Merengue. Sous contrat jusqu\u2019en juin 2020, Luka Modric se verrait offrir une prolongation d\u2019une ann\u00e9e par les dirigeants de la Casa Blanca soit jusqu\u2019en 2021. Une marque de confiance de la part des dirigeants du Real Madrid qui montrent ainsi leur attachement au milieu croate.<\/p>\n<p><strong>Publi\u00e9 dans :<\/strong> <span>Real<\/span> <span>modric<\/span><\/p>\n<\/div>\n<p>Auteur:<br \/>\n<a href=\"http:\/\/www.lebuteur.com\/article\/detail?titre=real-madrid-lavenir-de-modric-bientot-fixe&#038;id=88995&#038;utm_source=feedburner&#038;utm_medium=feed&#038;utm_campaign=Feed%3A+GalerieFArtciles+%28Les+derniers+articles++-+lebuteur.com%29\">Cliquez ici pour lire l&rsquo;article depuis sa source.<\/a><\/p>\n","protected":false},"excerpt":{"rendered":"<p>Auteur : mardi 21 mai 2019 15:30 En d\u00e9clin vis-\u00e0-vis des ann\u00e9es pr\u00e9c\u00e9dentes, le milieu de terrain croate pourrait donc quitter les Merengue cet \u00e9t\u00e9. Mais un retournement de situation se profilerait dans ce dossier qui pourrait an\u00e9antir les espoirs de l\u2019Inter Milan de voir d\u00e9barquer Luka Modric en Lombardie. Selon OK Diario et Le [&hellip;]<\/p>\n","protected":false},"author":1738,"featured_media":35765,"comment_status":"closed","ping_status":"closed","sticky":false,"template":"","format":"standard","meta":{"fifu_image_url":"","fifu_image_alt":"","footnotes":""},"categories":[53,75],"tags":[],"class_list":["post-35764","post","type-post","status-publish","format-standard","has-post-thumbnail","hentry","category-algerie","category-sport"],"_links":{"self":[{"href":"https:\/\/linitiative.ca\/International\/wp-json\/wp\/v2\/posts\/35764","targetHints":{"allow":["GET"]}}],"collection":[{"href":"https:\/\/linitiative.ca\/International\/wp-json\/wp\/v2\/posts"}],"about":[{"href":"https:\/\/linitiative.ca\/International\/wp-json\/wp\/v2\/types\/post"}],"author":[{"embeddable":true,"href":"https:\/\/linitiative.ca\/International\/wp-json\/wp\/v2\/users\/1738"}],"replies":[{"embeddable":true,"href":"https:\/\/linitiative.ca\/International\/wp-json\/wp\/v2\/comments?post=35764"}],"version-history":[{"count":0,"href":"https:\/\/linitiative.ca\/International\/wp-json\/wp\/v2\/posts\/35764\/revisions"}],"wp:featuredmedia":[{"embeddable":true,"href":"https:\/\/linitiative.ca\/International\/wp-json\/"}],"wp:attachment":[{"href":"https:\/\/linitiative.ca\/International\/wp-json\/wp\/v2\/media?parent=35764"}],"wp:term":[{"taxonomy":"category","embeddable":true,"href":"https:\/\/linitiative.ca\/International\/wp-json\/wp\/v2\/categories?post=35764"},{"taxonomy":"post_tag","embeddable":true,"href":"https:\/\/linitiative.ca\/International\/wp-json\/wp\/v2\/tags?post=35764"}],"curies":[{"name":"wp","href":"https:\/\/api.w.org\/{rel}","templated":true}]}}