{"id":35768,"date":"2019-05-21T10:50:47","date_gmt":"2019-05-21T14:50:47","guid":{"rendered":"https:\/\/linitiative.ca\/International\/tanger-la-recrudescence-des-accidents-de-la-circulation-inquiete\/"},"modified":"2019-05-21T10:50:47","modified_gmt":"2019-05-21T14:50:47","slug":"tanger-la-recrudescence-des-accidents-de-la-circulation-inquiete","status":"publish","type":"post","link":"https:\/\/linitiative.ca\/International\/tanger-la-recrudescence-des-accidents-de-la-circulation-inquiete\/","title":{"rendered":"Tanger : La recrudescence des accidents  de la circulation inqui\u00e8te"},"content":{"rendered":"<p><img decoding=\"async\" class=\"post_layout_5_img\" src=\"http:\/\/aujourdhui.ma\/wp-content\/uploads\/2019\/05\/Tanger-Accidents.jpg?x29840\" alt=\"Tanger : La recrudescence des accidents de la circulation inqui\u00e8te\"\/><\/p>\n<p class=\"p1\"><span class=\"c4\"><strong><em>L\u2019exc\u00e8s de vitesse parmi les causes principales de l\u2019h\u00e9catombe<\/em><\/strong><\/span> <span id=\"more-311557\"\/><\/p>\n<p class=\"p1\"><span class=\"s1\">Le mois sacr\u00e9 de Ramadan est arriv\u00e9 et avec lui -h\u00e9las- son lot d\u2019accidents de la circulation routi\u00e8re, poussant les repr\u00e9sentants de la soci\u00e9t\u00e9 civile \u00e0 appeler \u00e0 la mobilisation contre ce fl\u00e9au. Des militants activistes et de simples tang\u00e9rois attribuent l\u2019h\u00e9catombe sur les routes \u00e0 l\u2019exc\u00e8s de vitesse et le manque de sens des responsabilit\u00e9s chez les usagers de la route, tout en mettant en garde contre le non-port du casque par les motards. Parmi les accidents mortels graves ayant eu lieu lors du dernier week-end, figure celui survenu, samedi 18 mai, au niveau d\u2019Achakar.<\/span><\/p>\n<p class=\"p1\"><span class=\"s1\">Roulant \u00e0 vive allure, un v\u00e9hicule l\u00e9ger a percut\u00e9, peu de temps avant la rupture du je\u00fbne, trois motards qui se baladaient sur les lieux avec deux autres sur leurs grosses cylindr\u00e9es respectives. Le bilan a fait part, dans un premier temps, d\u2019un mort, dont la moto a pris feu \u00e0 l\u2019issue de cet accident, et deux motards hospitalis\u00e9s dans un \u00e9tat grave. Ces deux derniers ont rendu l\u2019\u00e2me le lendemain \u00e0 l\u2019h\u00f4pital.<\/span><\/p>\n<p class=\"p1\"><span class=\"s1\">Un peu plus t\u00f4t lors de la m\u00eame journ\u00e9e, un autre grave accident de la circulation s\u2019est produit sur la corniche de Tanger. Selon des t\u00e9moins oculaires, le chauffeur d\u2019un grand taxi, qui transportait cinq passagers \u00e0 bord de son v\u00e9hicule \u00e0 destination de Fnideq, a perdu brusquement le contr\u00f4le de sa voiture. Il a d\u00e9vi\u00e9 de son chemin avant de percuter un pyl\u00f4ne en acier. Il est d\u00e9c\u00e9d\u00e9 sur le coup. Les cinq passagers ont \u00e9t\u00e9 gri\u00e8vement bless\u00e9s et ont tous \u00e9t\u00e9 transport\u00e9s \u00e0 l\u2019h\u00f4pital pour recevoir les soins n\u00e9cessaires.<\/span><\/p>\n<p class=\"p1\"><span class=\"s1\">Cet accident rappelle pour les Tang\u00e9rois un autre aussi plus grave survenu, il y a presque un mois, sur la corniche et presque au m\u00eame endroit que ce nouveau drame. Une Maroco-am\u00e9ricaine et ses deux fils \u2013 qui venaient de sortir de leur h\u00f4tel, ont \u00e9t\u00e9 percut\u00e9s par un v\u00e9hicule l\u00e9ger. La femme et l\u2019un de ses deux enfants sont d\u00e9c\u00e9d\u00e9s sur-le-champ. L\u2019\u00e9tat de son autre fils a \u00e9t\u00e9 jug\u00e9 tr\u00e8s grave ayant n\u00e9cessit\u00e9 son transfert \u00e0 l\u2019h\u00f4pital Mohammed V. Ce drame qui a frapp\u00e9 cette famille a provoqu\u00e9 une vive \u00e9motion parmi les Tang\u00e9rois et les repr\u00e9sentants de la soci\u00e9t\u00e9 civile, qui ont appel\u00e9 les autorit\u00e9s \u00e0 prendre des mesures pour arr\u00eater cette h\u00e9catombe.\u00a0<\/span><\/p>\n<p class=\"p1\"><span class=\"s1\">Il est \u00e0 noter que le mois sacr\u00e9 a d\u00e9but\u00e9 par un autre accident grave survenu \u00e0 Merkala, une des zones c\u00f4ti\u00e8res les plus fr\u00e9quent\u00e9es de la ville. L\u2019exc\u00e8s de vitesse et le manque de sens des responsabilit\u00e9s ont encore une fois \u00e9t\u00e9 \u00e0 l\u2019origine d\u2019une collision entre une voiture et une moto sur cette route. Cet accident s\u2019est sold\u00e9 par deux bless\u00e9s (le motocycliste et son copain) dans un \u00e9tat grave, dont l\u2019un d\u2019eux a succomb\u00e9, deux jours apr\u00e8s dans une clinique \u00e0 Rabat, suite \u00e0 ses blessures au niveau de la t\u00eate.<\/span><\/p>\n<p class=\"p1\"><span class=\"s1\">Soulignons que la ville compte un nombre important de points noirs, comme la corniche et Merkala, qui entra\u00eenent des embouteillages et g\u00eanent la circulation sur ces endroits et les autres zones avoisinantes.<\/span><\/p>\n<p>Auteur: Najat Fa\u00efssal<br \/>\n<a href=\"http:\/\/aujourdhui.ma\/societe\/tanger-la-recrudescence-des-accidents-de-la-circulation-inquiete\">Cliquez ici pour lire l&rsquo;article depuis sa source.<\/a><\/p>\n","protected":false},"excerpt":{"rendered":"<p>L\u2019exc\u00e8s de vitesse parmi les causes principales de l\u2019h\u00e9catombe Le mois sacr\u00e9 de Ramadan est arriv\u00e9 et avec lui -h\u00e9las- son lot d\u2019accidents de la circulation routi\u00e8re, poussant les repr\u00e9sentants de la soci\u00e9t\u00e9 civile \u00e0 appeler \u00e0 la mobilisation contre ce fl\u00e9au. Des militants activistes et de simples tang\u00e9rois attribuent l\u2019h\u00e9catombe sur les routes \u00e0 [&hellip;]<\/p>\n","protected":false},"author":1759,"featured_media":0,"comment_status":"closed","ping_status":"closed","sticky":false,"template":"","format":"standard","meta":{"fifu_image_url":"","fifu_image_alt":"","footnotes":""},"categories":[73,54],"tags":[],"class_list":["post-35768","post","type-post","status-publish","format-standard","hentry","category-actualite","category-maroc"],"_links":{"self":[{"href":"https:\/\/linitiative.ca\/International\/wp-json\/wp\/v2\/posts\/35768","targetHints":{"allow":["GET"]}}],"collection":[{"href":"https:\/\/linitiative.ca\/International\/wp-json\/wp\/v2\/posts"}],"about":[{"href":"https:\/\/linitiative.ca\/International\/wp-json\/wp\/v2\/types\/post"}],"author":[{"embeddable":true,"href":"https:\/\/linitiative.ca\/International\/wp-json\/wp\/v2\/users\/1759"}],"replies":[{"embeddable":true,"href":"https:\/\/linitiative.ca\/International\/wp-json\/wp\/v2\/comments?post=35768"}],"version-history":[{"count":0,"href":"https:\/\/linitiative.ca\/International\/wp-json\/wp\/v2\/posts\/35768\/revisions"}],"wp:attachment":[{"href":"https:\/\/linitiative.ca\/International\/wp-json\/wp\/v2\/media?parent=35768"}],"wp:term":[{"taxonomy":"category","embeddable":true,"href":"https:\/\/linitiative.ca\/International\/wp-json\/wp\/v2\/categories?post=35768"},{"taxonomy":"post_tag","embeddable":true,"href":"https:\/\/linitiative.ca\/International\/wp-json\/wp\/v2\/tags?post=35768"}],"curies":[{"name":"wp","href":"https:\/\/api.w.org\/{rel}","templated":true}]}}