{"id":35772,"date":"2019-05-21T07:33:51","date_gmt":"2019-05-21T11:33:51","guid":{"rendered":"https:\/\/linitiative.ca\/International\/autriche-le-vice-chancelier-accule-a-la-demission\/"},"modified":"2019-05-21T07:33:51","modified_gmt":"2019-05-21T11:33:51","slug":"autriche-le-vice-chancelier-accule-a-la-demission","status":"publish","type":"post","link":"https:\/\/linitiative.ca\/International\/autriche-le-vice-chancelier-accule-a-la-demission\/","title":{"rendered":"Autriche: Le vice-chancelier accul\u00e9 \u00e0 la d\u00e9mission\u2026"},"content":{"rendered":"<p class=\"c4\"><strong><span class=\"c2\">\u00ab<\/span><span class=\"c3\">J\u2019<\/span><span class=\"c2\">ai remis au chancelier Sebastian Kurz ma d\u00e9mission de mes fonctions de vice-chancelier et il l\u2019a accept\u00e9e\u00bb a d\u00e9clar\u00e9, ce samedi, le vice-chancelier autrichien Heinz-Christian Strache avant d\u2019ajouter qu\u2019il d\u00e9l\u00e9guait la direction du FP\u00d6 \u00e0 Niorbert Hofer, l\u2019actuel ministre des transports qui fut le candidat malheureux de l\u2019extr\u00eame-droite aux derni\u00e8res \u00e9lections pr\u00e9sidentielles.<\/span><\/strong><\/p>\n<p class=\"c4\">Successeur du sulfureux J\u00f6rg Haider et un des principaux artisans du rapprochement entre les nationalistes europ\u00e9ens et le Kremlin, Heinz-Christian Strache, n\u00e9 en 1969, est un alli\u00e9 inconditionnel de la fran\u00e7aise Marine Le Pen et de l\u2019italien Matteo Salvini. Rapidement devenu la personnalit\u00e9 d\u2019extr\u00eame-droite qui a r\u00e9ussi \u00e0 obtenir les plus hautes fonctions au sein d\u2019une d\u00e9mocratie de l\u2019Union europ\u00e9enne gr\u00e2ce \u00e0 une coalition avec les conservateurs en d\u00e9cembre 2017, le vice-chancelier Strache avait \u00e9t\u00e9 le premier \u00e0 soutenir Vladimir Poutine lors de son conflit avec la Georgie.<\/p>\n<p class=\"c4\">Mais pourquoi cette d\u00e9mission alors qu\u2019en Autriche la coalition droite-extr\u00eame semblait se renforcer jour apr\u00e8s jour?<\/p>\n<p class=\"c4\">L\u2019\u00e9clatement de cette coalition est intervenu quelques heures \u00e0 peine apr\u00e8s la diffusion d\u2019extraits d\u2019une vid\u00e9o dat\u00e9e de 2007 dans laquelle on voit le vice-chancelier autrichien en compagnie d\u2019un de ses lieutenants discuter de la signature de contrats publics en contrepartie de soutiens financiers avec une personne se faisant passer pour la ni\u00e8ce d\u2019un oligarque russe.<\/p>\n<p class=\"c4\">Au cours de cet entretien, qui aura dur\u00e9 six heures, Strache s\u2019\u00e9tait m\u00eame dit pr\u00eat \u00e0 \u00abremodeler\u00bb\u00a0 la presse autrichienne comme l\u2019avait fait en Hongrie le premier ministre Viktor Orban donc \u00ab\u00e0 verrouiller\u00bb le paysage m\u00e9diatique autrichien.<\/p>\n<p class=\"c4\">Mais qui aurait donc tendu ce pi\u00e8ge au vice-chancelier autrichien et l\u2019aurait fait entrer dans une villa truff\u00e9e de cam\u00e9ras et de micros ? Ce ne sont pas les d\u00e9tracteurs qui manquent et il s\u2019agit bien d\u2019un coup mont\u00e9 trois mois avant les l\u00e9gislatives de 2017 \u00e0 l\u2019effet de pi\u00e9ger le patron du FP\u00d6. D\u2019ailleurs, m\u00eame pour la diffusion de la vid\u00e9o, le timing choisi n\u2019est pas anodin puisqu\u2019il est intervenu une semaine \u00e0 peine avant la tenue des \u00e9lections europ\u00e9ennes et juste apr\u00e8s que le camp nationaliste ait clairement affich\u00e9 son ambition d\u2019occuper la troisi\u00e8me place au Parlement europ\u00e9en.<\/p>\n<p class=\"c4\">Et si, au niveau national, un s\u00e9rieux remaniement minist\u00e9riel s\u2019impose avant l\u2019organisation des prochaines \u00e9lections l\u00e9gislatives puisque cinq portefeuilles minist\u00e9riels sont encore d\u00e9tenus par des ministres du FP\u00d6, le pr\u00e9sident autrichien Alexander Van der Bellen, qui a rencontr\u00e9 le chancelier Sebastian Kurz juste apr\u00e8s la d\u00e9mission de son vice-chancelier et chef de file de l\u2019extr\u00eame-droite autrichienne, a imm\u00e9diatement appel\u00e9 \u00e0 l\u2019organisation \u00abde nouvelles \u00e9lections en septembre, si possible au d\u00e9but du mois\u00bb.<\/p>\n<p class=\"c4\">A noter, \u00e9galement, que m\u00eame au niveau europ\u00e9en le scandale qui a frapp\u00e9 le FP\u00d6 est un coup tellement dur pour le camp nationaliste qu\u2019il a g\u00e2ch\u00e9 la grand-messe organis\u00e9e ce samedi \u00e0 Milan par le leader de la l\u2019extr\u00eame-droite italienne, Matteo Salvini, \u00e0 l\u2019intention de ses alli\u00e9s europ\u00e9ens.<\/p>\n<p class=\"c4\">Lors de la conf\u00e9rence de presse qu\u2019il a donn\u00e9e apr\u00e8s sa d\u00e9mission, le vice-chancelier autrichien Heinz-Christian Strache a reconnu avoir eu \u00abune attitude de macho provoqu\u00e9e par l\u2019alcool\u00bb. Il a alors pr\u00e9sent\u00e9 ses excuses \u00e0 sa femme, \u00e0 son parti et au chancelier pour n\u2019avoir pas contr\u00f4l\u00e9 ses propos et s\u2019\u00eatre comport\u00e9 \u00abcomme un adolescent\u00bb.<\/p>\n<p class=\"c4\">Mais tout cela est-il suffisant quand c\u2019est toute sa carri\u00e8re politique qui risque d\u2019en \u00eatre s\u00e9rieusement \u00e9branl\u00e9e apr\u00e8s que sa cr\u00e9dibilit\u00e9 ait vol\u00e9 en \u00e9clats ? Attendons pour voir\u2026<\/p>\n<p class=\"c5\"><strong>Nabil El Bousaadi<\/strong><\/p>\n<p>Auteur: rahal mehamed<br \/>\n<a href=\"http:\/\/albayane.press.ma\/autriche-le-vice-chancelier-accule-a-la-demission.html\">Cliquez ici pour lire l&rsquo;article depuis sa source.<\/a><\/p>\n","protected":false},"excerpt":{"rendered":"<p>\u00abJ\u2019ai remis au chancelier Sebastian Kurz ma d\u00e9mission de mes fonctions de vice-chancelier et il l\u2019a accept\u00e9e\u00bb a d\u00e9clar\u00e9, ce samedi, le vice-chancelier autrichien Heinz-Christian Strache avant d\u2019ajouter qu\u2019il d\u00e9l\u00e9guait la direction du FP\u00d6 \u00e0 Niorbert Hofer, l\u2019actuel ministre des transports qui fut le candidat malheureux de l\u2019extr\u00eame-droite aux derni\u00e8res \u00e9lections pr\u00e9sidentielles. Successeur du sulfureux [&hellip;]<\/p>\n","protected":false},"author":1760,"featured_media":0,"comment_status":"closed","ping_status":"closed","sticky":false,"template":"","format":"standard","meta":{"fifu_image_url":"","fifu_image_alt":"","footnotes":""},"categories":[73,54],"tags":[],"class_list":["post-35772","post","type-post","status-publish","format-standard","hentry","category-actualite","category-maroc"],"_links":{"self":[{"href":"https:\/\/linitiative.ca\/International\/wp-json\/wp\/v2\/posts\/35772","targetHints":{"allow":["GET"]}}],"collection":[{"href":"https:\/\/linitiative.ca\/International\/wp-json\/wp\/v2\/posts"}],"about":[{"href":"https:\/\/linitiative.ca\/International\/wp-json\/wp\/v2\/types\/post"}],"author":[{"embeddable":true,"href":"https:\/\/linitiative.ca\/International\/wp-json\/wp\/v2\/users\/1760"}],"replies":[{"embeddable":true,"href":"https:\/\/linitiative.ca\/International\/wp-json\/wp\/v2\/comments?post=35772"}],"version-history":[{"count":0,"href":"https:\/\/linitiative.ca\/International\/wp-json\/wp\/v2\/posts\/35772\/revisions"}],"wp:attachment":[{"href":"https:\/\/linitiative.ca\/International\/wp-json\/wp\/v2\/media?parent=35772"}],"wp:term":[{"taxonomy":"category","embeddable":true,"href":"https:\/\/linitiative.ca\/International\/wp-json\/wp\/v2\/categories?post=35772"},{"taxonomy":"post_tag","embeddable":true,"href":"https:\/\/linitiative.ca\/International\/wp-json\/wp\/v2\/tags?post=35772"}],"curies":[{"name":"wp","href":"https:\/\/api.w.org\/{rel}","templated":true}]}}