{"id":35776,"date":"2019-05-21T12:37:44","date_gmt":"2019-05-21T16:37:44","guid":{"rendered":"https:\/\/linitiative.ca\/International\/la-bibliotheque-ibn-youssef-a-marrakech-un-haut-lieu-mythique-renfermant-un-patrimoine-authentique\/"},"modified":"2019-05-21T12:37:44","modified_gmt":"2019-05-21T16:37:44","slug":"la-bibliotheque-ibn-youssef-a-marrakech-un-haut-lieu-mythique-renfermant-un-patrimoine-authentique","status":"publish","type":"post","link":"https:\/\/linitiative.ca\/International\/la-bibliotheque-ibn-youssef-a-marrakech-un-haut-lieu-mythique-renfermant-un-patrimoine-authentique\/","title":{"rendered":"La Biblioth\u00e8que Ibn Youssef \u00e0 Marrakech, un haut lieu mythique renfermant un patrimoine authentique"},"content":{"rendered":"<div readability=\"37\">\n<p>Marrakech \u2013 Situ\u00e9e au coeur de l\u2019ancienne m\u00e9dina de la ville de Marrakech, la Biblioth\u00e8que Ibn Youssef, dont la construction remonte \u00e0 l\u2019\u00e9poque de la Dynastie des Almoravides, compte parmi les innombrables joyaux patrimoniaux dont regorge la cit\u00e9 ocre.<\/p>\n<\/div>\n<div readability=\"101\">\n<p>Fond\u00e9e par le Sultan Ali Ibn Youssef Ibn Tachfine dans un quartier portant son nom et qui abrite \u00e9galement la Mosqu\u00e9e d\u2019Ibn Youssef et la medersa d\u2019Ibn Youssef, ce haut lieu mythique renferme de pr\u00e9cieux livres et manuscrits d\u2019une grande port\u00e9e et d\u2019une valeur scientifique et historique inestimables, tels que \u00ab\u00a0Al Mowatta de l\u2019Imam Malik pour les Marocains et les Andalous\u00a0\u00bb.<\/p>\n<p>La Biblioth\u00e8que comprend aussi certains ouvrages tr\u00e8s anciens qui datent du IV\u00e8me si\u00e8cle de l\u2019H\u00e9gire, dont 1.548 manuscrits, 314 lithographies, 9.959 ouvrages d\u2019impression moderne, outre 1.018 livres \u00ab\u00a0tronqu\u00e9s\u00a0\u00bb et des parties de Corans \u00e9dit\u00e9s en calligraphie coufique.<\/p>\n<p>Elle renferme ainsi six types de livres et manuscrits qui sont class\u00e9s selon le type de papiers sur lesquels ils ont \u00e9t\u00e9 \u00e9crits, dont le papier de daim, le vieux papier, le papier en soie, le papier rose, outre le papier moderne.<\/p>\n<p>A travers les si\u00e8cles, la Biblioth\u00e8que Ibn Youssef a chang\u00e9 de lieux \u00e0 maintes reprises, ce qui a engendr\u00e9 la perte de certains ouvrages des plus pr\u00e9cieux. En 1953, elle devint une biblioth\u00e8que publique et fut install\u00e9e \u00e0 Dar El Bacha en 1960, avant de quitter les remparts de la ville pour la premi\u00e8re fois en 1991 pour \u00e9lire domicile \u00e0 Dar Takafa (Maison de culture).<\/p>\n<p>En 2014, elle fit son retour \u00e0 son lieu d\u2019origine au quartier Ibn Youssef apr\u00e8s sa r\u00e9cup\u00e9ration par le minist\u00e8re des Habous et des Affaires Islamiques.<\/p>\n<p>Ce retour aux sources a n\u00e9cessit\u00e9 la mise sur pied d\u2019une commission scientifique et administrative, pr\u00e9sid\u00e9e par le chercheur en patrimoine, Ja\u00e2far Kansoussi, et compos\u00e9e de chercheurs \u00e0 l\u2019Universit\u00e9 Cadi Ayyad, d\u2019experts et de techniciens sp\u00e9cialis\u00e9s dans la classification des ouvrages et manuscrits, pour \u00e9tablir un inventaire de ces livres en coordination avec le minist\u00e8re de la Culture qui avait en charge la gestion de cette Biblioth\u00e8que des d\u00e9cennies durant.<\/p>\n<p>La r\u00e9installation de ladite Biblioth\u00e8que au quartier Ibn Youssef est susceptible d\u2019attirer une autre cat\u00e9gorie de visiteurs, en particulier les \u00e9tudiants, les chercheurs et les personnes qui s\u2019int\u00e9ressent au patrimoine et \u00e0 la culture, a expliqu\u00e9 M. Kansoussi.<\/p>\n<p>Selon lui, il ne peut y avoir de discussions autour de la Biblioth\u00e8que Ibn Youssef sans \u00e9voquer l\u2019histoire riche de l\u2019ancienne m\u00e9dina situ\u00e9e \u00e0 l\u2019int\u00e9rieur des remparts.<\/p>\n<p>Il a, par ailleurs, fait remarquer que la ville de Marrakech vit actuellement au rythme d\u2019\u00e9v\u00e9nements majeurs \u00e0 l\u2019int\u00e9rieur des remparts qu\u2019elle n\u2019a pas connus depuis 500 ans, comme en t\u00e9moigne le volume des interventions et des op\u00e9rations de r\u00e9habilitation et de restauration entreprises, expliquant que SM le Roi Mohammed VI a mobilis\u00e9 d\u2019\u00e9normes moyens administratifs et techniques en faveur de la mise en valeur et du rayonnement de cette ville imp\u00e9riale.<\/p>\n<p>Il s\u2019agit d\u2019une \u00e9poque \u00ab\u00a0exceptionnelle\u00a0\u00bb dans l\u2019histoire de la cit\u00e9 ocre, a conclu M. Kansoussi.<\/p>\n<\/div>\n<p>Auteur: Meriem IGASS<br \/>\n<a href=\"http:\/\/www.mapmarrakech.ma\/fr\/la-bibliotheque-ibn-youssef-a-marrakech-un-haut-lieu-mythique-renfermant-un-patrimoine-authentique\/\">Cliquez ici pour lire l&rsquo;article depuis sa source.<\/a><\/p>\n","protected":false},"excerpt":{"rendered":"<p>Marrakech \u2013 Situ\u00e9e au coeur de l\u2019ancienne m\u00e9dina de la ville de Marrakech, la Biblioth\u00e8que Ibn Youssef, dont la construction remonte \u00e0 l\u2019\u00e9poque de la Dynastie des Almoravides, compte parmi les innombrables joyaux patrimoniaux dont regorge la cit\u00e9 ocre. Fond\u00e9e par le Sultan Ali Ibn Youssef Ibn Tachfine dans un quartier portant son nom et [&hellip;]<\/p>\n","protected":false},"author":1788,"featured_media":0,"comment_status":"closed","ping_status":"closed","sticky":false,"template":"","format":"standard","meta":{"fifu_image_url":"","fifu_image_alt":"","footnotes":""},"categories":[54,76],"tags":[],"class_list":["post-35776","post","type-post","status-publish","format-standard","hentry","category-maroc","category-regions"],"_links":{"self":[{"href":"https:\/\/linitiative.ca\/International\/wp-json\/wp\/v2\/posts\/35776","targetHints":{"allow":["GET"]}}],"collection":[{"href":"https:\/\/linitiative.ca\/International\/wp-json\/wp\/v2\/posts"}],"about":[{"href":"https:\/\/linitiative.ca\/International\/wp-json\/wp\/v2\/types\/post"}],"author":[{"embeddable":true,"href":"https:\/\/linitiative.ca\/International\/wp-json\/wp\/v2\/users\/1788"}],"replies":[{"embeddable":true,"href":"https:\/\/linitiative.ca\/International\/wp-json\/wp\/v2\/comments?post=35776"}],"version-history":[{"count":0,"href":"https:\/\/linitiative.ca\/International\/wp-json\/wp\/v2\/posts\/35776\/revisions"}],"wp:attachment":[{"href":"https:\/\/linitiative.ca\/International\/wp-json\/wp\/v2\/media?parent=35776"}],"wp:term":[{"taxonomy":"category","embeddable":true,"href":"https:\/\/linitiative.ca\/International\/wp-json\/wp\/v2\/categories?post=35776"},{"taxonomy":"post_tag","embeddable":true,"href":"https:\/\/linitiative.ca\/International\/wp-json\/wp\/v2\/tags?post=35776"}],"curies":[{"name":"wp","href":"https:\/\/api.w.org\/{rel}","templated":true}]}}