{"id":35777,"date":"2019-05-21T12:56:31","date_gmt":"2019-05-21T16:56:31","guid":{"rendered":"https:\/\/linitiative.ca\/International\/plongee-depuis-dar-souiri-dans-le-patrimoine-musical-legendaire-des-ghiwane\/"},"modified":"2019-05-21T12:56:31","modified_gmt":"2019-05-21T16:56:31","slug":"plongee-depuis-dar-souiri-dans-le-patrimoine-musical-legendaire-des-ghiwane","status":"publish","type":"post","link":"https:\/\/linitiative.ca\/International\/plongee-depuis-dar-souiri-dans-le-patrimoine-musical-legendaire-des-ghiwane\/","title":{"rendered":"Plong\u00e9e depuis Dar Souiri dans le patrimoine musical l\u00e9gendaire des \u00ab\u00a0Ghiwane\u00a0\u00bb"},"content":{"rendered":"<div readability=\"36\">\n<p>Essaouira \u2013 Les Souiris et les visiteurs de la cit\u00e9 des aliz\u00e9s ont eu droit, le weekend dernier, \u00e0 un spectacle hallucinant et de toute beaut\u00e9 autour du patrimoine musical du groupe l\u00e9gendaire \u00ab\u00a0Rolling Stones made in Morocco\u00a0\u00bb : Nass El Ghiwane.<\/p>\n<\/div>\n<div readability=\"95\">\n<p>Inscrit dans le cadre des soir\u00e9es du mois sacr\u00e9 du Ramadan organis\u00e9es annuellement par l\u2019Association Essaouira-Mogador, ce spectacle riche en chants et sonorit\u00e9s, a \u00e9t\u00e9 offert aux m\u00e9lomanes de ce style de musique authentique, par la troupe 100% souirie \u00a0\u00bbKhiyam Lguifan\u00a0\u00bb.<\/p>\n<p>Plus d\u2019une heure et demi durant, Hassan Fatihi entre Banjo et Mandoline, accompagn\u00e9 dans cette belle aventure par Aziz Izoubaz \u00e0 la Percussion, Mohamed Slimani \u00e0 la Percussion, et Ahmed Outanine surfant entre plusieurs instruments, ont emport\u00e9 le public pr\u00e9sent dans un p\u00e9riple au coeur du patrimoine musical si riche et diversifi\u00e9 de Nass El Ghiwane, Jil Jilala ou encore Lamchaheb.<\/p>\n<p>Dans une ambition festive et bon enfant, le Quartet, qui a v\u00e9cu le ph\u00e9nom\u00e8ne ghiwani durant les ann\u00e9es 70, a bien voulu agr\u00e9menter cette soir\u00e9e ramadanesque aux saveurs de la nostalgie, en interpr\u00e9tant pour le bonheur de tous, un floril\u00e8ge de chansons qui faisaient la fiert\u00e9 de toute une g\u00e9n\u00e9ration, et repr\u00e9sent\u00e9 une r\u00e9f\u00e9rence de taille pour le patrimoine musical national authentique et riche.<\/p>\n<p>Afin de permettre aux aficionados de renouer avec ce style de musique l\u00e9gendaire, la troupe \u00a0\u00bbKhiyam Lguifan\u00a0\u00bb a interpr\u00e9t\u00e9, \u00e0 la mani\u00e8re des grands maitres, des chansons comme \u00a0\u00bbEloutfiya\u00a0\u00bb, \u00a0\u00bbNaker Lehssan\u00a0\u00bb, \u00a0\u00bbEra\u00e2d\u00a0\u00bb et \u00a0\u00bbChema\u00e2\u00a0\u00bb ou encore \u00a0\u00bbDouk Laymine\u00a0\u00bb de Jil Jilala.<\/p>\n<p>Sur le registre de Nass El Ghiwane, on \u00e9tait convi\u00e9 \u00e0 appr\u00e9cier des morceaux musicaux de toute beaut\u00e9 genre \u00a0\u00bbAhyawine\u00a0\u00bb, \u00a0\u00bbEl Hal\u00a0\u00bb ou encore \u00a0\u00bbMahboub Linrid\u00a0\u00bb entre autres titres tr\u00e8s connus et appr\u00e9ci\u00e9s du public.<\/p>\n<p>Pour clore en beaut\u00e9 cette soir\u00e9e l\u00e9gendaire tant attendue par le grand public, venu en masse revisiter une page rayonnante de la musique nationale aux rythmes singuliers et paroles \u00e9difiantes et constructives, le groupe \u00a0\u00bbKhiyam Lguifan\u00a0\u00bb a puis\u00e9 dans le r\u00e9pertoire embl\u00e9matique de la troupe Lamchaheb, le temps d\u2019interpr\u00e9ter des titres de toute splendeur, tels que \u00a0\u00bbBin El Koudiyate\u00a0\u00bb, \u00a0\u00bbBghit Bladi\u00a0\u00bb ou encore \u00a0\u00bbLemssalmine\u00a0\u00bb.<\/p>\n<p>Cr\u00e9\u00e9e en 2009 \u00e0 Essaouira, le groupe musical \u00a0\u00bbKhiyam Lguifan\u00a0\u00bb compte parmi ses rangs des musiciens talentueux ayant v\u00e9cu le ph\u00e9nom\u00e8ne ghiwani des ann\u00e9es 70 et qui se sont impr\u00e9gn\u00e9s de ce style musical dans le but de le pr\u00e9server, de promouvoir la chanson originale aux paroles \u00e9difiantes, et surtout d\u2019assurer la transmission de cet art, de ce patrimoine ancestral et de tout ce savoir-faire qui fait la fiert\u00e9 de l\u2019ensemble des Marocains, aux g\u00e9n\u00e9rations montantes en vue d\u2019une p\u00e9rennisation amplement assur\u00e9e.<\/p>\n<\/div>\n<p>Auteur: Meriem IGASS<br \/>\n<a href=\"http:\/\/www.mapmarrakech.ma\/fr\/plongee-depuis-dar-souiri-dans-le-patrimoine-musical-legendaire-des-ghiwane\/\">Cliquez ici pour lire l&rsquo;article depuis sa source.<\/a><\/p>\n","protected":false},"excerpt":{"rendered":"<p>Essaouira \u2013 Les Souiris et les visiteurs de la cit\u00e9 des aliz\u00e9s ont eu droit, le weekend dernier, \u00e0 un spectacle hallucinant et de toute beaut\u00e9 autour du patrimoine musical du groupe l\u00e9gendaire \u00ab\u00a0Rolling Stones made in Morocco\u00a0\u00bb : Nass El Ghiwane. Inscrit dans le cadre des soir\u00e9es du mois sacr\u00e9 du Ramadan organis\u00e9es annuellement [&hellip;]<\/p>\n","protected":false},"author":1788,"featured_media":0,"comment_status":"closed","ping_status":"closed","sticky":false,"template":"","format":"standard","meta":{"fifu_image_url":"","fifu_image_alt":"","footnotes":""},"categories":[54,76],"tags":[],"class_list":["post-35777","post","type-post","status-publish","format-standard","hentry","category-maroc","category-regions"],"_links":{"self":[{"href":"https:\/\/linitiative.ca\/International\/wp-json\/wp\/v2\/posts\/35777","targetHints":{"allow":["GET"]}}],"collection":[{"href":"https:\/\/linitiative.ca\/International\/wp-json\/wp\/v2\/posts"}],"about":[{"href":"https:\/\/linitiative.ca\/International\/wp-json\/wp\/v2\/types\/post"}],"author":[{"embeddable":true,"href":"https:\/\/linitiative.ca\/International\/wp-json\/wp\/v2\/users\/1788"}],"replies":[{"embeddable":true,"href":"https:\/\/linitiative.ca\/International\/wp-json\/wp\/v2\/comments?post=35777"}],"version-history":[{"count":0,"href":"https:\/\/linitiative.ca\/International\/wp-json\/wp\/v2\/posts\/35777\/revisions"}],"wp:attachment":[{"href":"https:\/\/linitiative.ca\/International\/wp-json\/wp\/v2\/media?parent=35777"}],"wp:term":[{"taxonomy":"category","embeddable":true,"href":"https:\/\/linitiative.ca\/International\/wp-json\/wp\/v2\/categories?post=35777"},{"taxonomy":"post_tag","embeddable":true,"href":"https:\/\/linitiative.ca\/International\/wp-json\/wp\/v2\/tags?post=35777"}],"curies":[{"name":"wp","href":"https:\/\/api.w.org\/{rel}","templated":true}]}}