{"id":35782,"date":"2019-05-21T12:24:57","date_gmt":"2019-05-21T16:24:57","guid":{"rendered":"https:\/\/linitiative.ca\/International\/marche-des-etudiants-a-alger-pour-revendiquer-le-changement-du-regime-en-place\/"},"modified":"2019-05-21T12:24:57","modified_gmt":"2019-05-21T16:24:57","slug":"marche-des-etudiants-a-alger-pour-revendiquer-le-changement-du-regime-en-place","status":"publish","type":"post","link":"https:\/\/linitiative.ca\/International\/marche-des-etudiants-a-alger-pour-revendiquer-le-changement-du-regime-en-place\/","title":{"rendered":"Marche des \u00e9tudiants \u00e0 Alger pour revendiquer le changement du r\u00e9gime en place"},"content":{"rendered":"<div>\n<div class=\"K2FeedIntroText\">\n<p><strong>ALGER &#8211; Des centaines d&rsquo;\u00e9tudiants ont organis\u00e9, mardi \u00e0 Alger face \u00e0 un important dispositif s\u00e9curitaire, une importante marche pacifique pour exprimer leur soutien aux revendications du mouvement populaire, \u00e0 savoir le changement du r\u00e9gime en place et le d\u00e9part de ses symboles.<\/strong><\/p>\n<\/div>\n<div class=\"K2FeedFullText\">\n<p>A l&rsquo;instar des semaines \u00e9coul\u00e9es, les \u00e9tudiants s&rsquo;\u00e9taient rassembl\u00e9s du c\u00f4t\u00e9 de la Grande poste et de l&rsquo;entr\u00e9e principale de la Facult\u00e9 centrale avant de se diriger vers le Palais du Gouvernement, sis rue Docteur Saadane, o\u00f9 ils ont \u00e9t\u00e9 emp\u00each\u00e9s d&rsquo;avancer plus haut par les forces de l&rsquo;ordre. Les \u00e9tudiants ont, alors, chang\u00e9 de trajectoire pour se diriger vers la Grande poste en passant par les rues principales et secondaires menant \u00e0 cette Place.<\/p>\n<p>En d\u00e9pit du je\u00fbne et de la chaleur, les \u00e9tudiants ont exprim\u00e9 leur position rejetant la Pr\u00e9sidentielle du 04 juillet, estimant que la tenue de cette \u00e9ch\u00e9ance \u00e9lectorale \u00e0 la lumi\u00e8re de la conjoncture actuelle constituait \u00ab\u00a0une r\u00e9habilitation de l&rsquo;ancien r\u00e9gime avec de nouvelles figures\u00a0\u00bb.<\/p>\n<p>Les \u00e9tudiants ont scand\u00e9 plusieurs slogans dont \u00ab\u00a0Ni soumission ni recul\u00a0\u00bb, \u00ab\u00a0Alg\u00e9rie libre d\u00e9mocratique\u00a0\u00bb et \u00ab\u00a0Nous marchons jusqu&rsquo;au changement\u00a0\u00bb.<\/p>\n<p>Un important dispositif s\u00e9curitaire a \u00e9t\u00e9 mis en place, notamment \u00e0 l&rsquo;entr\u00e9e du Jardin Sofia et de la Rue Aslah Hocine afin emp\u00eacher les \u00e9tudiants de se diriger vers la rue Zighoud Youcef.<\/p>\n<\/div>\n<\/div>\n<p>Auteur:<br \/>\n<a href=\"http:\/\/www.aps.dz\/regions\/89730-marche-des-etudiants-a-alger-pour-revendiquer-le-changement-du-regime-en-place\">Cliquez ici pour lire l&rsquo;article depuis sa source.<\/a><\/p>\n","protected":false},"excerpt":{"rendered":"<p>ALGER &#8211; Des centaines d&rsquo;\u00e9tudiants ont organis\u00e9, mardi \u00e0 Alger face \u00e0 un important dispositif s\u00e9curitaire, une importante marche pacifique pour exprimer leur soutien aux revendications du mouvement populaire, \u00e0 savoir le changement du r\u00e9gime en place et le d\u00e9part de ses symboles. A l&rsquo;instar des semaines \u00e9coul\u00e9es, les \u00e9tudiants s&rsquo;\u00e9taient rassembl\u00e9s du c\u00f4t\u00e9 de [&hellip;]<\/p>\n","protected":false},"author":1790,"featured_media":0,"comment_status":"closed","ping_status":"closed","sticky":false,"template":"","format":"standard","meta":{"fifu_image_url":"","fifu_image_alt":"","footnotes":""},"categories":[53,76],"tags":[],"class_list":["post-35782","post","type-post","status-publish","format-standard","hentry","category-algerie","category-regions"],"_links":{"self":[{"href":"https:\/\/linitiative.ca\/International\/wp-json\/wp\/v2\/posts\/35782","targetHints":{"allow":["GET"]}}],"collection":[{"href":"https:\/\/linitiative.ca\/International\/wp-json\/wp\/v2\/posts"}],"about":[{"href":"https:\/\/linitiative.ca\/International\/wp-json\/wp\/v2\/types\/post"}],"author":[{"embeddable":true,"href":"https:\/\/linitiative.ca\/International\/wp-json\/wp\/v2\/users\/1790"}],"replies":[{"embeddable":true,"href":"https:\/\/linitiative.ca\/International\/wp-json\/wp\/v2\/comments?post=35782"}],"version-history":[{"count":0,"href":"https:\/\/linitiative.ca\/International\/wp-json\/wp\/v2\/posts\/35782\/revisions"}],"wp:attachment":[{"href":"https:\/\/linitiative.ca\/International\/wp-json\/wp\/v2\/media?parent=35782"}],"wp:term":[{"taxonomy":"category","embeddable":true,"href":"https:\/\/linitiative.ca\/International\/wp-json\/wp\/v2\/categories?post=35782"},{"taxonomy":"post_tag","embeddable":true,"href":"https:\/\/linitiative.ca\/International\/wp-json\/wp\/v2\/tags?post=35782"}],"curies":[{"name":"wp","href":"https:\/\/api.w.org\/{rel}","templated":true}]}}