{"id":35787,"date":"2019-05-21T15:14:23","date_gmt":"2019-05-21T19:14:23","guid":{"rendered":"https:\/\/linitiative.ca\/International\/international-real-bale-deplore-sa-vie-de-robot\/"},"modified":"2019-05-21T15:14:23","modified_gmt":"2019-05-21T19:14:23","slug":"international-real-bale-deplore-sa-vie-de-robot","status":"publish","type":"post","link":"https:\/\/linitiative.ca\/International\/international-real-bale-deplore-sa-vie-de-robot\/","title":{"rendered":"International : Real : Bale d\u00e9plore sa vie de robot"},"content":{"rendered":"<div readability=\"32\">\n<p>Auteur : <span class=\"time\">mardi 21 mai 2019 19:26<\/span><\/p>\n<\/div>\n<div id=\"post_core\" readability=\"53\">\n<p>Dans un documentaire diffus\u00e9 par BT Sport, l&rsquo;international gallois a regrett\u00e9 d&rsquo;\u00eatre trait\u00e9 comme un \u00ab\u00a0robot\u00a0\u00bb :<\/p>\n<p>\u00ab\u00a0En tant qu&rsquo;athl\u00e8te professionnel, en particulier dans un environnement collectif, vous ne pouvez pas choisir votre emploi du temps comme au golf ou au tennis. C&rsquo;est comme si nous \u00e9tions des robots. On nous dit o\u00f9 aller, \u00e0 quelle heure manger, \u00e0 quelle heure nous devons retrouver l&rsquo;entra\u00eeneur. C&rsquo;est comme perdre sa libert\u00e9 d&rsquo;une certaine fa\u00e7on. Vous ne pouvez pas d\u00e9cider ce que vous voulez faire et quand vous voulez le faire. Mais une carri\u00e8re de footballeur est si courte, vous devez faire ces sacrifices. Quand vous \u00eates un enfant, vous ne pensez pas \u00e0 tout \u00e7a, vous jouez avec vos copains et vous amusez. Quand vous devenez professionnel, il y a toute cette pression, cette attention, ces personnes qui vous critiquent tout le temps, et vous perdez ce que vous ressentiez gamin\u00a0\u00bb, a d\u00e9plor\u00e9 Bale dans des propos relay\u00e9s par Maxifoot.<\/p>\n<p><strong>Publi\u00e9 dans :<\/strong> <span>real madrid<\/span><\/p>\n<\/div>\n<p>Auteur:<br \/>\n<a href=\"http:\/\/www.lebuteur.com\/article\/detail?titre=real-bale-deplore-sa-vie-de-robot&#038;id=88999&#038;utm_source=feedburner&#038;utm_medium=feed&#038;utm_campaign=Feed%3A+GalerieFArtciles+%28Les+derniers+articles++-+lebuteur.com%29\">Cliquez ici pour lire l&rsquo;article depuis sa source.<\/a><\/p>\n","protected":false},"excerpt":{"rendered":"<p>Auteur : mardi 21 mai 2019 19:26 Dans un documentaire diffus\u00e9 par BT Sport, l&rsquo;international gallois a regrett\u00e9 d&rsquo;\u00eatre trait\u00e9 comme un \u00ab\u00a0robot\u00a0\u00bb : \u00ab\u00a0En tant qu&rsquo;athl\u00e8te professionnel, en particulier dans un environnement collectif, vous ne pouvez pas choisir votre emploi du temps comme au golf ou au tennis. C&rsquo;est comme si nous \u00e9tions des [&hellip;]<\/p>\n","protected":false},"author":1738,"featured_media":35788,"comment_status":"closed","ping_status":"closed","sticky":false,"template":"","format":"standard","meta":{"fifu_image_url":"","fifu_image_alt":"","footnotes":""},"categories":[53,75],"tags":[],"class_list":["post-35787","post","type-post","status-publish","format-standard","has-post-thumbnail","hentry","category-algerie","category-sport"],"_links":{"self":[{"href":"https:\/\/linitiative.ca\/International\/wp-json\/wp\/v2\/posts\/35787","targetHints":{"allow":["GET"]}}],"collection":[{"href":"https:\/\/linitiative.ca\/International\/wp-json\/wp\/v2\/posts"}],"about":[{"href":"https:\/\/linitiative.ca\/International\/wp-json\/wp\/v2\/types\/post"}],"author":[{"embeddable":true,"href":"https:\/\/linitiative.ca\/International\/wp-json\/wp\/v2\/users\/1738"}],"replies":[{"embeddable":true,"href":"https:\/\/linitiative.ca\/International\/wp-json\/wp\/v2\/comments?post=35787"}],"version-history":[{"count":0,"href":"https:\/\/linitiative.ca\/International\/wp-json\/wp\/v2\/posts\/35787\/revisions"}],"wp:featuredmedia":[{"embeddable":true,"href":"https:\/\/linitiative.ca\/International\/wp-json\/"}],"wp:attachment":[{"href":"https:\/\/linitiative.ca\/International\/wp-json\/wp\/v2\/media?parent=35787"}],"wp:term":[{"taxonomy":"category","embeddable":true,"href":"https:\/\/linitiative.ca\/International\/wp-json\/wp\/v2\/categories?post=35787"},{"taxonomy":"post_tag","embeddable":true,"href":"https:\/\/linitiative.ca\/International\/wp-json\/wp\/v2\/tags?post=35787"}],"curies":[{"name":"wp","href":"https:\/\/api.w.org\/{rel}","templated":true}]}}