{"id":35791,"date":"2019-05-21T15:19:26","date_gmt":"2019-05-21T19:19:26","guid":{"rendered":"https:\/\/linitiative.ca\/International\/annaba-rejet-des-elections-du-4-juillet\/"},"modified":"2019-05-21T15:19:26","modified_gmt":"2019-05-21T19:19:26","slug":"annaba-rejet-des-elections-du-4-juillet","status":"publish","type":"post","link":"https:\/\/linitiative.ca\/International\/annaba-rejet-des-elections-du-4-juillet\/","title":{"rendered":"Annaba :  Rejet des \u00e9lections  du 4 juillet"},"content":{"rendered":"<div class=\"TxArtcile\" readability=\"22\">\n<p>Des dizaines d\u2019\u00e9tudiants ont organis\u00e9, hier matin, un rassemblement sur le parvis du Th\u00e9\u00e2tre r\u00e9gional Azzedine-Medjoubi face au Cours de la r\u00e9volution, r\u00e9it\u00e9rant les revendications du Hirak populaire du 22 f\u00e9vrier dernier qui se poursuit jusqu\u2019\u00e0 ce jour.\u00a0<\/p>\n<p>Brandissant l\u2019embl\u00e8me national et des affiches sur lesquelles on pouvait lire \u00abRejet des \u00e9lections pr\u00e9sidentielles du 4 juillet\u00bb, \u00abD\u00e9part des symboles du syst\u00e8me\u00bb, \u00abChangement politique radical avec le r\u00e9gime en place\u00bb, les manifestants se disent d\u00e9termin\u00e9s \u00e0 poursuivre les marches jusqu\u2019\u00e0 l\u2019aboutissement des revendications du Hirak, pour une \u00abAlg\u00e9rie libre et d\u00e9mocratique\u00bb d\u00e9barrass\u00e9e de la corruption, de l\u2019injustice et du client\u00e9lisme.<\/p>\n<p>B. G.<\/p>\n<\/div>\n<div class=\"ModliArtilUne\">\n<ul>\n<li><strong>Publi\u00e9 dans :<\/strong><\/li>\n<\/ul>\n<\/div>\n<div class=\"MbComIns\" id=\"newcom\" readability=\"5.69402985075\">\n<h6>DONNEZ VOTRE AVIS<\/h6>\n<p>Il n&rsquo;y a actuellement aucune r\u00e9action \u00e0 cette information. Soyez le premier \u00e0 r\u00e9agir !<\/p>\n<p><a href=\"\" rel=\"#popup\" class=\"login resetbutton\">Identifiez-vous<\/a><a class=\"button\" href=\"http:\/\/www.elmoudjahid.com\/fr\/inscription\/\"><span>S&rsquo;inscrire<\/span><\/a><\/p>\n<\/div>\n<p>Auteur: elmoudjahid<br \/>\n<a href=\"http:\/\/www.elmoudjahid.com\/fr\/actualites\/137163\">Cliquez ici pour lire l&rsquo;article depuis sa source.<\/a><\/p>\n","protected":false},"excerpt":{"rendered":"<p>Des dizaines d\u2019\u00e9tudiants ont organis\u00e9, hier matin, un rassemblement sur le parvis du Th\u00e9\u00e2tre r\u00e9gional Azzedine-Medjoubi face au Cours de la r\u00e9volution, r\u00e9it\u00e9rant les revendications du Hirak populaire du 22 f\u00e9vrier dernier qui se poursuit jusqu\u2019\u00e0 ce jour.\u00a0 Brandissant l\u2019embl\u00e8me national et des affiches sur lesquelles on pouvait lire \u00abRejet des \u00e9lections pr\u00e9sidentielles du 4 [&hellip;]<\/p>\n","protected":false},"author":1744,"featured_media":0,"comment_status":"closed","ping_status":"closed","sticky":false,"template":"","format":"standard","meta":{"fifu_image_url":"","fifu_image_alt":"","footnotes":""},"categories":[73,53],"tags":[],"class_list":["post-35791","post","type-post","status-publish","format-standard","hentry","category-actualite","category-algerie"],"_links":{"self":[{"href":"https:\/\/linitiative.ca\/International\/wp-json\/wp\/v2\/posts\/35791","targetHints":{"allow":["GET"]}}],"collection":[{"href":"https:\/\/linitiative.ca\/International\/wp-json\/wp\/v2\/posts"}],"about":[{"href":"https:\/\/linitiative.ca\/International\/wp-json\/wp\/v2\/types\/post"}],"author":[{"embeddable":true,"href":"https:\/\/linitiative.ca\/International\/wp-json\/wp\/v2\/users\/1744"}],"replies":[{"embeddable":true,"href":"https:\/\/linitiative.ca\/International\/wp-json\/wp\/v2\/comments?post=35791"}],"version-history":[{"count":0,"href":"https:\/\/linitiative.ca\/International\/wp-json\/wp\/v2\/posts\/35791\/revisions"}],"wp:attachment":[{"href":"https:\/\/linitiative.ca\/International\/wp-json\/wp\/v2\/media?parent=35791"}],"wp:term":[{"taxonomy":"category","embeddable":true,"href":"https:\/\/linitiative.ca\/International\/wp-json\/wp\/v2\/categories?post=35791"},{"taxonomy":"post_tag","embeddable":true,"href":"https:\/\/linitiative.ca\/International\/wp-json\/wp\/v2\/tags?post=35791"}],"curies":[{"name":"wp","href":"https:\/\/api.w.org\/{rel}","templated":true}]}}